{"id":137082,"date":"2026-01-15T13:42:09","date_gmt":"2026-01-15T13:42:09","guid":{"rendered":"https:\/\/www.europesays.com\/se\/137082\/"},"modified":"2026-01-15T13:42:09","modified_gmt":"2026-01-15T13:42:09","slug":"lattare-fa-veta-kollegors-loner","status":"publish","type":"post","link":"https:\/\/www.europesays.com\/se\/137082\/","title":{"rendered":"L\u00e4ttare f\u00e5 veta kollegors l\u00f6ner"},"content":{"rendered":"<p class=\"boxtextgrotesk-root_baa6 hyperion-css-7pajle\">Uppdaterad 12.46 | Publicerad 12.30<\/p>\n<p>share-arrowDela<\/p>\n<p>unsaveSpara<\/p>\n<p>expand-left<\/p>\n<p>helsk\u00e4rm<img decoding=\"async\" class=\"image-asset hyperion-css-u06ts1\" data-test-tag=\"image-asset\" src=\"https:\/\/www.europesays.com\/se\/wp-content\/uploads\/2026\/01\/ade51bbf-0c98-4f79-b5c2-b53a2aee1947.jpeg\"  alt=\"J\u00e4mst\u00e4lldhetsminister Nina Larsson (L) presenterar \u00e5tg\u00e4rder f\u00f6r att motverka osakliga l\u00f6neskillnader mellan kvinnor och m\u00e4n.\"  loading=\"eager\" fetchpriority=\"high\" style=\"aspect-ratio:1900 \/ 1267\"\/>J\u00e4mst\u00e4lldhetsminister Nina Larsson (L) presenterar \u00e5tg\u00e4rder f\u00f6r att motverka osakliga l\u00f6neskillnader mellan kvinnor och m\u00e4n. Foto: Jessica Gow\/TT<\/p>\n<p class=\"hyperion-css-1shl3oz\" data-test-tag=\"lead-text\">Det ska bli l\u00e4ttare f\u00f6r anst\u00e4llda att f\u00e5 reda p\u00e5 vad kollegor som g\u00f6r likv\u00e4rdiga jobb har i l\u00f6n.<\/p>\n<p class=\"hyperion-css-1shl3oz\" data-test-tag=\"lead-text\">Syftet \u00e4r att komma \u00e5t osakliga l\u00f6neskillnader, i f\u00f6rsta hand mellan m\u00e4n och kvinnor.<\/p>\n<p class=\"hyperion-css-1v9qo5x\">F\u00f6rslaget fr\u00e5n regeringen och j\u00e4mst\u00e4lldhetsminister Nina Larsson (L) l\u00e4mnas nu \u00f6ver till Lagr\u00e5det f\u00f6r granskning. I grunden ligger ett EU-direktiv om l\u00f6netransparens.<\/p>\n<p class=\"hyperion-css-1v9qo5x\">\u2013 Vi flyttar fram positionerna f\u00f6r att utpl\u00e5na l\u00f6negapet mellan m\u00e4n och kvinnor, s\u00e4ger Nina Larsson p\u00e5 en presstr\u00e4ff.<\/p>\n<p class=\"hyperion-css-1v9qo5x\">Skillnaden i l\u00f6n mellan m\u00e4n och kvinnor var drygt tio procent 2024, varav n\u00e4ra h\u00e4lften (4,6 procentenheter) inte gick att f\u00f6rklara.<\/p>\n<p class=\"hyperion-css-1v9qo5x\">F\u00f6rslagen inneb\u00e4r bland annat att arbetsgivaren ska tala om f\u00f6r den som kan komma att anst\u00e4llas vad ing\u00e5ngsl\u00f6nerna \u00e4r f\u00f6r jobbet. En arbetstagare ska, p\u00e5 beg\u00e4ran, ha r\u00e4tt att f\u00e5 veta vad genomsnittsl\u00f6nen \u00e4r f\u00f6r andra anst\u00e4llda som utf\u00f6r likv\u00e4rdigt arbete.<\/p>\n<p class=\"hyperion-css-1v9qo5x\">Arbetsgivare med mer \u00e4n 250 anst\u00e4llda ska \u00e5rligen l\u00e4mna en l\u00f6nerapport till Diskrimineringsombudsmannen (DO).<\/p>\n<p class=\"hyperion-css-1v9qo5x\">Reglerna f\u00f6resl\u00e5s b\u00f6rja g\u00e4lla den 1 juli i \u00e5r.<\/p>\n","protected":false},"excerpt":{"rendered":"Uppdaterad 12.46 | Publicerad 12.30 share-arrowDela unsaveSpara expand-left helsk\u00e4rmJ\u00e4mst\u00e4lldhetsminister Nina Larsson (L) presenterar \u00e5tg\u00e4rder f\u00f6r att motverka osakliga&hellip;\n","protected":false},"author":2,"featured_media":137083,"comment_status":"","ping_status":"","sticky":false,"template":"","format":"standard","meta":{"footnotes":""},"categories":[65],"tags":[72,70,71,34,31,33,32,30],"class_list":{"0":"post-137082","1":"post","2":"type-post","3":"status-publish","4":"format-standard","5":"has-post-thumbnail","7":"category-ekonomi","8":"tag-business","9":"tag-economy","10":"tag-ekonomi","11":"tag-se","12":"tag-svenska","13":"tag-sverige","14":"tag-sweden","15":"tag-swedish"},"share_on_mastodon":{"url":"https:\/\/pubeurope.com\/@se\/115899409552866746","error":""},"_links":{"self":[{"href":"https:\/\/www.europesays.com\/se\/wp-json\/wp\/v2\/posts\/137082","targetHints":{"allow":["GET"]}}],"collection":[{"href":"https:\/\/www.europesays.com\/se\/wp-json\/wp\/v2\/posts"}],"about":[{"href":"https:\/\/www.europesays.com\/se\/wp-json\/wp\/v2\/types\/post"}],"author":[{"embeddable":true,"href":"https:\/\/www.europesays.com\/se\/wp-json\/wp\/v2\/users\/2"}],"replies":[{"embeddable":true,"href":"https:\/\/www.europesays.com\/se\/wp-json\/wp\/v2\/comments?post=137082"}],"version-history":[{"count":0,"href":"https:\/\/www.europesays.com\/se\/wp-json\/wp\/v2\/posts\/137082\/revisions"}],"wp:featuredmedia":[{"embeddable":true,"href":"https:\/\/www.europesays.com\/se\/wp-json\/wp\/v2\/media\/137083"}],"wp:attachment":[{"href":"https:\/\/www.europesays.com\/se\/wp-json\/wp\/v2\/media?parent=137082"}],"wp:term":[{"taxonomy":"category","embeddable":true,"href":"https:\/\/www.europesays.com\/se\/wp-json\/wp\/v2\/categories?post=137082"},{"taxonomy":"post_tag","embeddable":true,"href":"https:\/\/www.europesays.com\/se\/wp-json\/wp\/v2\/tags?post=137082"}],"curies":[{"name":"wp","href":"https:\/\/api.w.org\/{rel}","templated":true}]}}