{"id":137084,"date":"2026-01-15T13:44:09","date_gmt":"2026-01-15T13:44:09","guid":{"rendered":"https:\/\/www.europesays.com\/se\/137084\/"},"modified":"2026-01-15T13:44:09","modified_gmt":"2026-01-15T13:44:09","slug":"gratis-for-skolor-pa-ostergotlands-museum","status":"publish","type":"post","link":"https:\/\/www.europesays.com\/se\/137084\/","title":{"rendered":"Gratis f\u00f6r skolor p\u00e5 \u00d6sterg\u00f6tlands museum"},"content":{"rendered":"<p><a target=\"_blank\" href=\"https:\/\/press.ostergotlandsmuseum.se\/posts\/pressreleases\/gratis-for-skolor-pa-ostergotlands-museum\" rel=\"nofollow noopener\"><img decoding=\"async\" class=\"image\" src=\"https:\/\/www.europesays.com\/se\/wp-content\/uploads\/2026\/01\/j43nD41JSIGNiSAtzIO3.webp\" alt=\"\u00d6sterg\u00f6tlands museum i vinterskrud.\"\/><\/a><\/p>\n<p><strong>\u00d6sterg\u00f6tlands museum inf\u00f6r kostnadsfria guidade skolvisningar p\u00e5 museet i Link\u00f6ping. Nyheten g\u00e4ller f\u00f6r f\u00f6rskoleklass till och med gymnasiet och under hela 2026.<\/strong><\/p>\n<p>P\u00e5 \u00d6sterg\u00f6tlands museum visas konst och kulturhistoria fr\u00e5n sten\u00e5lder fram till idag. Genom att lyfta olika perspektiv och ber\u00e4tta om m\u00e4nniskors liv och villkor tas bes\u00f6kare med p\u00e5 en resa genom tid och rum.<\/p>\n<p>\u2013 Vi vill att ett bes\u00f6k p\u00e5 museet ska v\u00e4cka nyfikenhet, intresse och reflektion hos eleverna, och hoppas att den h\u00e4r satsningen ska m\u00f6jligg\u00f6ra f\u00f6r fler skolor att kunna komma till oss och uppt\u00e4cka det breda utbud som finns, s\u00e4ger Carola Sandgrim, enhetschef Bem\u00f6tande.<\/p>\n<p>\u2013 Trots en pressad ekonomi under 2026, med tydliga besparings- och effektiviseringskrav fr\u00e5n v\u00e5ra anslagsgivare, har vi \u00e4nd\u00e5 valt att skapa ett budgetutrymme f\u00f6r att testa kostnadsfria guidade skolvisningar. F\u00f6r oss \u00e4r det h\u00e4r en viktig satsning \u2013 ett s\u00e4tt att bjuda in skolor fr\u00e5n hela l\u00e4net. Vi vet att resekostnaderna \u00e4r h\u00f6ga, och vi vill g\u00f6ra det l\u00e4ttare f\u00f6r fler elever att ta del av den kunskap, kultur och historia som museet erbjuder, s\u00e4ger museichef Olof Hermelin.<\/p>\n<p>Just nu visas bland annat utst\u00e4llningen H\u00c4XOR av konstn\u00e4ren Pompe Hedengren och scenografen Erik Gullberg, med texter av historiel\u00e4raren Cecilia D\u00fcringer. Under skolprogrammen kopplade till utst\u00e4llningen diskuteras n\u00e5gra av de orsaker som l\u00e5g bakom 1600-talets h\u00e4xprocesser i Sverige och \u00d6sterg\u00f6tland, samt konsekvenserna av dessa.<\/p>\n<p>\u2013 Vi tittar p\u00e5 h\u00e4ndelserna utifr\u00e5n barnen, kvinnorna och m\u00e4nnens perspektiv och diskuterar utst\u00e4llningen med k\u00e4llkritiska \u00f6gon. Vi har \u00e4ven tagit fram pedagogiskt material i form av olika arbetsblad som passar f\u00f6r eget arbete i utst\u00e4llningen, s\u00e4ger Caroline Morgansdotter Blomsten, museipedagog p\u00e5 \u00d6sterg\u00f6tlands museum.<\/p>\n<p>Museets skolprogram anpassas efter \u00e5rskurs och utg\u00e5r alla fr\u00e5n r\u00e5dande l\u00e4roplan. Det finns \u00e4ven skolprogram kopplade till sten\u00e5ldersgraven Bergsgraven och konstutst\u00e4llningen Verkligheter, samt m\u00f6jlighet att boka till en efterf\u00f6ljande workshop med skapande i museets atelj\u00e9.<\/p>\n<p>Skapande skola-projekt, f\u00f6rel\u00e4sning p\u00e5 F\u00f6rintelsens minnesdag och kostnadsfri tillg\u00e5ng till konferenslokaler p\u00e5 studiedagar \u00e4r ytterligare delar i \u00d6sterg\u00f6tlands museums erbjudande gentemot l\u00e4nets skolor.<\/p>\n<p>Under vecka 5 och 6 \u00e5ker museipedagogerna p\u00e5 skolturn\u00e9 f\u00f6r att tr\u00e4ffa personal p\u00e5 plats och ber\u00e4tta om museets verksamhet.<\/p>\n<p>\u2013 Vi kommer att ge tips och id\u00e9er f\u00f6r hur museets program kan kopplas till undervisningen och inspirera till att anv\u00e4nda konst och historia inom fler \u00e4mnesomr\u00e5den. Skolpedagoger eller rektorer \u00e4r v\u00e4lkomna att h\u00f6ra av sig f\u00f6r att boka in en dag och tid som passar! s\u00e4ger museipedagog Caroline Morgansdotter Blomsten.<\/p>\n<p>L\u00e4s mer om museets skolverksamhet p\u00e5 <a href=\"https:\/\/ostergotlandsmuseum.se\/skola\" rel=\"nofollow noopener\" target=\"_blank\">ostergotlandsmuseum.se\/skola. <\/a><\/p>\n<p><a target=\"_blank\" class=\"btn btn-green me-2 mt-1\" href=\"https:\/\/press.ostergotlandsmuseum.se\/posts\/pressreleases\/gratis-for-skolor-pa-ostergotlands-museum\" rel=\"nofollow noopener\">Read post on \u00d6sterg\u00f6tlands museum newsroom<\/a><a target=\"_blank\" class=\"btn btn-green mt-1\" href=\"https:\/\/press.ostergotlandsmuseum.se\" rel=\"nofollow noopener\">Visit \u00d6sterg\u00f6tlands museum newsroom<\/a><\/p>\n","protected":false},"excerpt":{"rendered":"\u00d6sterg\u00f6tlands museum inf\u00f6r kostnadsfria guidade skolvisningar p\u00e5 museet i Link\u00f6ping. Nyheten g\u00e4ller f\u00f6r f\u00f6rskoleklass till och med gymnasiet&hellip;\n","protected":false},"author":2,"featured_media":137085,"comment_status":"","ping_status":"","sticky":false,"template":"","format":"standard","meta":{"footnotes":""},"categories":[12],"tags":[22,23,26,27,17,21,24,25,28,29,15,16,18,34,31,33,32,30,19,20],"class_list":{"0":"post-137084","1":"post","2":"type-post","3":"status-publish","4":"format-standard","5":"has-post-thumbnail","7":"category-sverige","8":"tag-breaking-news","9":"tag-breakingnews","10":"tag-featured-news","11":"tag-featurednews","12":"tag-headlines","13":"tag-huvudnyheter","14":"tag-latest-news","15":"tag-latestnews","16":"tag-main-news","17":"tag-mainnews","18":"tag-news","19":"tag-nyheter","20":"tag-rubriker","21":"tag-se","22":"tag-svenska","23":"tag-sverige","24":"tag-sweden","25":"tag-swedish","26":"tag-top-stories","27":"tag-topstories"},"share_on_mastodon":{"url":"https:\/\/pubeurope.com\/@se\/115899417764058515","error":""},"_links":{"self":[{"href":"https:\/\/www.europesays.com\/se\/wp-json\/wp\/v2\/posts\/137084","targetHints":{"allow":["GET"]}}],"collection":[{"href":"https:\/\/www.europesays.com\/se\/wp-json\/wp\/v2\/posts"}],"about":[{"href":"https:\/\/www.europesays.com\/se\/wp-json\/wp\/v2\/types\/post"}],"author":[{"embeddable":true,"href":"https:\/\/www.europesays.com\/se\/wp-json\/wp\/v2\/users\/2"}],"replies":[{"embeddable":true,"href":"https:\/\/www.europesays.com\/se\/wp-json\/wp\/v2\/comments?post=137084"}],"version-history":[{"count":0,"href":"https:\/\/www.europesays.com\/se\/wp-json\/wp\/v2\/posts\/137084\/revisions"}],"wp:featuredmedia":[{"embeddable":true,"href":"https:\/\/www.europesays.com\/se\/wp-json\/wp\/v2\/media\/137085"}],"wp:attachment":[{"href":"https:\/\/www.europesays.com\/se\/wp-json\/wp\/v2\/media?parent=137084"}],"wp:term":[{"taxonomy":"category","embeddable":true,"href":"https:\/\/www.europesays.com\/se\/wp-json\/wp\/v2\/categories?post=137084"},{"taxonomy":"post_tag","embeddable":true,"href":"https:\/\/www.europesays.com\/se\/wp-json\/wp\/v2\/tags?post=137084"}],"curies":[{"name":"wp","href":"https:\/\/api.w.org\/{rel}","templated":true}]}}