{"id":137086,"date":"2026-01-15T13:45:17","date_gmt":"2026-01-15T13:45:17","guid":{"rendered":"https:\/\/www.europesays.com\/se\/137086\/"},"modified":"2026-01-15T13:45:17","modified_gmt":"2026-01-15T13:45:17","slug":"100-arsjubileum-stoppar-kruger-fran-spel","status":"publish","type":"post","link":"https:\/\/www.europesays.com\/se\/137086\/","title":{"rendered":"100-\u00e5rsjubileum stoppar Kr\u00fcger fr\u00e5n spel"},"content":{"rendered":"<p><strong><a href=\"https:\/\/hockeysverige.se\/klubb\/djurgardens-if-hockey\/\" rel=\"nofollow noopener\" target=\"_blank\">Djurg\u00e5rden<\/a> kommer att f\u00e5 m\u00f6ta serieledande Fr\u00f6lunda utan sin kapten. <a href=\"https:\/\/hockeysverige.se\/spelare\/marcus-kruger\" rel=\"nofollow noopener\" target=\"_blank\">Marcus Kr\u00fcger<\/a> kommer ist\u00e4llet n\u00e4rvara vid <a href=\"https:\/\/hockeysverige.se\/klubb\/chicago-blackhawks\" rel=\"nofollow noopener\" target=\"_blank\">Chicago Blackhawks<\/a> 100-\u00e5rsjubileum i USA.<br \/>\u2013\u00a0Vi k\u00e4nde att vi inte ville st\u00e5 i v\u00e4gen f\u00f6r en s\u00e5 pass stor h\u00e4ndelse, s\u00e4ger Niklas Wikeg\u00e5rd i ett uttalande.<\/strong><\/p>\n<p><img loading=\"lazy\" decoding=\"async\" width=\"1024\" height=\"658\" src=\"https:\/\/www.europesays.com\/se\/wp-content\/uploads\/2026\/01\/Kruger-1024x658.webp.webp\" alt=\"\" class=\"wp-image-345754\"  \/>Marcus Kr\u00fcger i Chicago Blackhawks 2015. <strong>Foto:<\/strong> Bildbyr\u00e5n (montage).<\/p>\n<p>2013 och 2015 var Marcus Kr\u00fcger en av spelarna som offrade allt f\u00f6r att vinna Stanley Cup med Chicago Blackhawks. Nu, n\u00e4r det \u00e4r dag f\u00f6r klubbens 100-\u00e5rsjubileum, offrar han l\u00f6rdagens SHL-m\u00f6te med Fr\u00f6lunda. <\/p>\n<p>Under torsdagen bekr\u00e4ftar Djurg\u00e5rden att lagkaptenen inte kommer till spel mot serieledarna d\u00e5 han \u00e4r p\u00e5 plats i USA. <\/p>\n<p>\u2013 Framf\u00f6rh\u00e5llningen har varit l\u00e5ng och Kr\u00fcger har i god tid fr\u00e5gat oss om det h\u00e4r. Vi k\u00e4nde att vi inte ville st\u00e5 i v\u00e4gen f\u00f6r en s\u00e5 pass stor h\u00e4ndelse, utan han kommer att vara bortrest fredag till s\u00f6ndag, kommenterar Djurg\u00e5rdens sportsligt ansvarige Niklas Wikeg\u00e5rd i ett uttalande. <\/p>\n<p>Kr\u00fcger hann med 559 matcher med Blackhawks innan han v\u00e4nde hem till Djurg\u00e5rden. Sedan dess (2023) har han varit kapten f\u00f6r stockholmslaget. Detta under hela resan tillbaka till SHL, som nu f\u00f6ljts av en jakt p\u00e5 klubbens f\u00f6rsta SM-slutspel sedan 2021.<\/p>\n<p> Source: <a href=\"https:\/\/www.eliteprospects.com\/player\/8311\/marcus-kruger\" target=\"_blank\" rel=\"noopener noreferrer nofollow\">Marcus Kr\u00fcger<\/a> @ Elite Prospects<\/p>\n","protected":false},"excerpt":{"rendered":"Djurg\u00e5rden kommer att f\u00e5 m\u00f6ta serieledande Fr\u00f6lunda utan sin kapten. Marcus Kr\u00fcger kommer ist\u00e4llet n\u00e4rvara vid Chicago Blackhawks&hellip;\n","protected":false},"author":2,"featured_media":137087,"comment_status":"","ping_status":"","sticky":false,"template":"","format":"standard","meta":{"footnotes":""},"categories":[5],"tags":[22,23,26,27,17,21,24,25,28,29,15,16,18,34,133,134,31,33,32,30,19,20],"class_list":{"0":"post-137086","1":"post","2":"type-post","3":"status-publish","4":"format-standard","5":"has-post-thumbnail","7":"category-rubriker","8":"tag-breaking-news","9":"tag-breakingnews","10":"tag-featured-news","11":"tag-featurednews","12":"tag-headlines","13":"tag-huvudnyheter","14":"tag-latest-news","15":"tag-latestnews","16":"tag-main-news","17":"tag-mainnews","18":"tag-news","19":"tag-nyheter","20":"tag-rubriker","21":"tag-se","22":"tag-second-news","23":"tag-shl","24":"tag-svenska","25":"tag-sverige","26":"tag-sweden","27":"tag-swedish","28":"tag-top-stories","29":"tag-topstories"},"share_on_mastodon":{"url":"https:\/\/pubeurope.com\/@se\/115899421344082844","error":""},"_links":{"self":[{"href":"https:\/\/www.europesays.com\/se\/wp-json\/wp\/v2\/posts\/137086","targetHints":{"allow":["GET"]}}],"collection":[{"href":"https:\/\/www.europesays.com\/se\/wp-json\/wp\/v2\/posts"}],"about":[{"href":"https:\/\/www.europesays.com\/se\/wp-json\/wp\/v2\/types\/post"}],"author":[{"embeddable":true,"href":"https:\/\/www.europesays.com\/se\/wp-json\/wp\/v2\/users\/2"}],"replies":[{"embeddable":true,"href":"https:\/\/www.europesays.com\/se\/wp-json\/wp\/v2\/comments?post=137086"}],"version-history":[{"count":0,"href":"https:\/\/www.europesays.com\/se\/wp-json\/wp\/v2\/posts\/137086\/revisions"}],"wp:featuredmedia":[{"embeddable":true,"href":"https:\/\/www.europesays.com\/se\/wp-json\/wp\/v2\/media\/137087"}],"wp:attachment":[{"href":"https:\/\/www.europesays.com\/se\/wp-json\/wp\/v2\/media?parent=137086"}],"wp:term":[{"taxonomy":"category","embeddable":true,"href":"https:\/\/www.europesays.com\/se\/wp-json\/wp\/v2\/categories?post=137086"},{"taxonomy":"post_tag","embeddable":true,"href":"https:\/\/www.europesays.com\/se\/wp-json\/wp\/v2\/tags?post=137086"}],"curies":[{"name":"wp","href":"https:\/\/api.w.org\/{rel}","templated":true}]}}