{"id":137088,"date":"2026-01-15T13:47:14","date_gmt":"2026-01-15T13:47:14","guid":{"rendered":"https:\/\/www.europesays.com\/se\/137088\/"},"modified":"2026-01-15T13:47:14","modified_gmt":"2026-01-15T13:47:14","slug":"19-arige-nikola-roganovic-gor-masterskapsdebut-i-hemma-em","status":"publish","type":"post","link":"https:\/\/www.europesays.com\/se\/137088\/","title":{"rendered":"19-\u00e5rige Nikola Roganovic g\u00f6r m\u00e4sterskapsdebut i hemma-EM"},"content":{"rendered":"<p>F\u00f6r tv\u00e5 \u00e5r sedan satt Nikola Roganovic p\u00e5 ett hotell i G\u00f6teborg och svarade p\u00e5 fr\u00e5gor. Bara 17 \u00e5r gammal hade han f\u00e5tt chansen att tr\u00e4na med A-landslagstruppen.<\/p>\n<p>D\u00e5varande f\u00f6rbundskaptenen Glenn Solbergs tanke var att framtidsl\u00f6ftet skulle f\u00e5 vara med f\u00f6r att se och l\u00e4ra och Roganovic ber\u00e4ttade att han nj\u00f6t av att tr\u00e4na med Andreas Palicka, Jim Gottfridsson och de andra, spelare som i n\u00e5gra fall var hans idoler.<\/p>\n<p><strong>Tv\u00e5 \u00e5r senare<\/strong> sitter han p\u00e5 ett annat hotell i G\u00f6teborg och f\u00f6rbereder sig inf\u00f6r sin m\u00e4sterskapsdebut. \u201dPraoeleven\u201d har blivit vinterns stora samtals\u00e4mne i svensk handboll. Utvecklingen har blivit den som han och handbollslandslaget \u00f6nskade.<\/p>\n<p>\u2013 Det var ju inga matcher p\u00e5 den d\u00e4r samlingen 2023, men jag l\u00e4rde mig otroligt mycket under tr\u00e4ningarna, s\u00e5dant som jag har med mig i dag. Det \u00e4r kul att se att man utvecklas, s\u00e4ger Roganovic, yngst i den svenska EM-truppen.<\/p>\n<p>          <img decoding=\"async\" class=\"picture__img\" src=\"https:\/\/www.europesays.com\/se\/wp-content\/uploads\/2026\/01\/395d4ecc-d2c5-4522-888d-259205b3e132.jpeg\"   alt=\"Nikola Roganovic har gjort 131 m\u00e5l f\u00f6r HK Malm\u00f6 i Handbollsligan.\"\/><\/p>\n<p>      Nikola Roganovic har gjort 131 m\u00e5l f\u00f6r HK Malm\u00f6 i Handbollsligan.<\/p>\n<p>      Foto: Michael Campanella\/Bildbyr\u00e5n<\/p>\n<p>I Handbollsligan har HK Malm\u00f6:s exakt tv\u00e5 meter l\u00e5nge v\u00e4nsternia dundrat in 131 fulltr\u00e4ffar och ligger p\u00e5 andra plats i skytteligan, ett m\u00e5l bakom, men med b\u00e4ttre m\u00e5lsnitt \u00e4n Amos Mathias Pedersen.<\/p>\n<p>M\u00e5lskyttet sitter i generna. Pappa Zoran, som \u00e4r hans tr\u00e4nare i Malm\u00f6, var skyttekung i elitserien sex g\u00e5nger mellan 2006 och 2014. Nikola s\u00e4ger sig bli alltmer lik sin far, s\u00e4rskilt till s\u00e4ttet.<\/p>\n<p>\u2013 P\u00e5 handbollsplanen tycker jag v\u00e4l att jag har \u00e4rvt hans skott, som han har hj\u00e4lpt mig mycket med. Sedan k\u00e4nner jag kanske att jag \u00e4r en lite smartare handbollsspelare \u00e4n han var, s\u00e4ger Nikola Roganovic och ler.<\/p>\n<p><strong>Trots sin handbollsbakgrund<\/strong> var Zoran Roganovic inne p\u00e5 hans s\u00f6ner skulle syssla med andra idrotter. Det blev b\u00e5de fotboll och basket f\u00f6r Nicola under uppv\u00e4xt\u00e5ren i Lund. 2019 blev pappa tr\u00e4nare i Guif och tog Nicola och hans fyra \u00e5r \u00e4ldre bror Marko med sig till klubbens ungdomslag. Sedan blev det handboll f\u00f6r hela slanten.<\/p>\n<p>Nikola s\u00e4ger att det inte var helt l\u00e4tt att komma till en ny stad som nybliven ton\u00e5ring.<\/p>\n<p>\u2013 Jag k\u00e4nde egentligen ingen n\u00e4r jag kom dit, men det \u00e4r en v\u00e4ldigt v\u00e4lkomnande stad och klubb och det var l\u00e4tt att komma in b\u00e5de i skolan och handbollen. Det gick v\u00e4ldigt bra f\u00f6r mig d\u00e4r och jag \u00e4r v\u00e4ldigt tacksam f\u00f6r tiden i Eskilstuna, s\u00e4ger han.<\/p>\n<p><strong>\u00c4r det n\u00e5got speciellt du tycker att du har utvecklat de senaste \u00e5ren?<\/strong><\/p>\n<p>\u2013 Man f\u00e5r mer erfarenhet varje s\u00e4song. Jag har l\u00e4rt mig av mina misstag. Allra mest l\u00e4rde jag mig av f\u00f6rra s\u00e4songen i Guif, n\u00e4r det inte gick s\u00e5 bra f\u00f6r laget.<\/p>\n<p><strong>Till exempel?<\/strong><\/p>\n<p>\u2013 Det handlar mycket om den mentala delen av spelet. \u00c4r man 17,18 \u00e5r och missar tv\u00e5 skott i rad v\u00e5gar man kanske inte ta det tredje, men det \u00e4r bara att k\u00f6ra p\u00e5. Det \u00e4r ju bara handboll.<\/p>\n<p>          <img decoding=\"async\" class=\"picture__img\" src=\"https:\/\/www.europesays.com\/se\/wp-content\/uploads\/2026\/01\/372f57bd-24d6-4969-827f-4fb3f3e9b49a.jpeg\"   alt=\"I den andra tr\u00e4ningsmatchen mot Brasilien inf\u00f6r EM fick Nikola Roganovic ta hand om flera straffkast. \u00c5terst\u00e5r att se om han f\u00e5r f\u00f6rtroendet \u00e4ven i EM.\"\/><\/p>\n<p>      I den andra tr\u00e4ningsmatchen mot Brasilien inf\u00f6r EM fick Nikola Roganovic ta hand om flera straffkast. \u00c5terst\u00e5r att se om han f\u00e5r f\u00f6rtroendet \u00e4ven i EM.<\/p>\n<p>      Foto: Mathias Bergeld\/Bildbyr\u00e5n<\/p>\n<p>Storebror Marko, som i flera s\u00e4songer rankades som en av Handbollsligans b\u00e4sta m\u00e5lvakter, blev i fjol utlandsproffs i Danmark. N\u00e4sta s\u00e4song f\u00f6ljer Nikola i hans fotsp\u00e5r. I h\u00f6stas blev det klart att tyska Gummersbach vunnit kampen om den svenske framtidsmannen.<\/p>\n<p>Det pratades om st\u00f6rre klubbar men Roganovic k\u00e4nner att det h\u00e4r \u00e4r r\u00e4tt steg i karri\u00e4ren. Och om han beh\u00f6ver l\u00e4ra sig mer \u00e4nnu mer om hur man g\u00f6r m\u00e5l i handboll kunde han inte f\u00e5 en mycket b\u00e4ttre l\u00e4rare i klubbens tr\u00e4nare, isl\u00e4nningen Gudjon Valur Sigurdsson, som 2018 satte v\u00e4rldsrekord i antal landslagsm\u00e5l.<\/p>\n<p>Men f\u00f6rst hoppas Roganovic p\u00e5 SM-guld med Malm\u00f6 och p\u00e5 att f\u00e5 speltid i EM.<\/p>\n<p><strong>N\u00e4r du var med f\u00f6r att se och l\u00e4ra, trodde du d\u00e5 att du skulle spela EM tv\u00e5 \u00e5r senare?<\/strong><\/p>\n<p>\u2013 Absolut, det m\u00e5ste jag \u00e4nd\u00e5 s\u00e4ga. Som 17-\u00e5ring tror man v\u00e4l p\u00e5 det mesta, s\u00e5 det var definitivt ett m\u00e5l jag hade.<\/p>\n<p><strong>Vad t\u00e4nker du inf\u00f6r m\u00e4sterskapet?<\/strong><\/p>\n<p>\u2013 Att det blir speciellt att f\u00e5 spela sitt f\u00f6rsta m\u00e4sterskap hemma i Malm\u00f6. Jag ser verkligen fram mot det. Det ska bli en stor \u00e4ra att f\u00e5 vara med och bidra p\u00e5 planen.<\/p>\n<p><strong>Du \u00e4r ingen praoelev l\u00e4ngre.<\/strong><\/p>\n<p>\u2013 Nej, men samtidigt k\u00e4nner jag att jag har mycket att l\u00e4ra. Det blir h\u00e4ftigt att k\u00e4nna p\u00e5 den h\u00e4r niv\u00e5n.<\/p>\n<p>          <img decoding=\"async\" class=\"picture__img\" src=\"https:\/\/www.europesays.com\/se\/wp-content\/uploads\/2026\/01\/ff65e350-edf3-4e5c-9d1c-cc443b307c28.jpeg\"   alt=\"\u201dDet blir speciellt att f\u00e5 spela sitt f\u00f6rsta m\u00e4sterskap hemma i Malm\u00f6. Jag ser verkligen fram mot det\u201d, s\u00e4ger Nikola Roganovic.\"\/><\/p>\n<p>      \u201dDet blir speciellt att f\u00e5 spela sitt f\u00f6rsta m\u00e4sterskap hemma i Malm\u00f6. Jag ser verkligen fram mot det\u201d, s\u00e4ger Nikola Roganovic.<\/p>\n<p>      Foto: Mathias Bergeld\/Bildbyr\u00e5n<\/p>\n<p><strong>EM-premi\u00e4ren mot<\/strong> Nederl\u00e4nderna p\u00e5 l\u00f6rdag blir en nyckelmatch.<\/p>\n<p>\u2013 Det g\u00e4ller att g\u00e5 in med full energi. Redan i ungdomslandslaget fick vi l\u00e4ra oss att varje landskamp ska vinnas och att brist p\u00e5 energi inte f\u00e5r vara en orsak till att man f\u00f6rlorar, s\u00e4ger han.<\/p>\n<p>F\u00f6r tv\u00e5 \u00e5r f\u00f6rklarade han att om handbollen inte blir vad han hoppades p\u00e5 ville han bli advokat. De yrkesambitionerna har han tills vidare lagt p\u00e5 is.<\/p>\n<p>\u2013 Jag hoppas kunna ta tag i pluggandet n\u00e5gon g\u00e5ng i framtiden, s\u00e4ger han.<\/p>\n<p>          Fakta.Nikola Roganovic<\/p>\n<p><strong>F\u00f6dd:<\/strong> 27 juli 2006 i Lund<\/p>\n<p><strong>Position:<\/strong> v\u00e4nsternio.<\/p>\n<p><strong>Moderklubb:<\/strong> H43 Lund.<\/p>\n<p><strong>Andra klubbar:<\/strong> Guif 2019\u20132025, HK Malm\u00f6 2025\u20132026. Flyttar n\u00e4sta s\u00e4song till Gummersbach i tyska ligan.<\/p>\n<p><strong>Antal A-landskamper:<\/strong> 6<\/p>\n<p><strong>Antal U-landskamper:<\/strong> 31 (184 m\u00e5l)<\/p>\n<p><strong>Aktuell:<\/strong> g\u00f6r m\u00e4sterskapsdebut i EM, som den svenska truppens yngste spelare.<\/p>\n<p>            Visa mer<\/p>\n<p>            Visa mindre<\/p>\n","protected":false},"excerpt":{"rendered":"F\u00f6r tv\u00e5 \u00e5r sedan satt Nikola Roganovic p\u00e5 ett hotell i G\u00f6teborg och svarade p\u00e5 fr\u00e5gor. Bara 17&hellip;\n","protected":false},"author":2,"featured_media":137089,"comment_status":"","ping_status":"","sticky":false,"template":"","format":"standard","meta":{"footnotes":""},"categories":[68],"tags":[34,111,110,31,33,32,30],"class_list":{"0":"post-137088","1":"post","2":"type-post","3":"status-publish","4":"format-standard","5":"has-post-thumbnail","7":"category-sport","8":"tag-se","9":"tag-sport","10":"tag-sports","11":"tag-svenska","12":"tag-sverige","13":"tag-sweden","14":"tag-swedish"},"share_on_mastodon":{"url":"https:\/\/pubeurope.com\/@se\/115899429254010378","error":""},"_links":{"self":[{"href":"https:\/\/www.europesays.com\/se\/wp-json\/wp\/v2\/posts\/137088","targetHints":{"allow":["GET"]}}],"collection":[{"href":"https:\/\/www.europesays.com\/se\/wp-json\/wp\/v2\/posts"}],"about":[{"href":"https:\/\/www.europesays.com\/se\/wp-json\/wp\/v2\/types\/post"}],"author":[{"embeddable":true,"href":"https:\/\/www.europesays.com\/se\/wp-json\/wp\/v2\/users\/2"}],"replies":[{"embeddable":true,"href":"https:\/\/www.europesays.com\/se\/wp-json\/wp\/v2\/comments?post=137088"}],"version-history":[{"count":0,"href":"https:\/\/www.europesays.com\/se\/wp-json\/wp\/v2\/posts\/137088\/revisions"}],"wp:featuredmedia":[{"embeddable":true,"href":"https:\/\/www.europesays.com\/se\/wp-json\/wp\/v2\/media\/137089"}],"wp:attachment":[{"href":"https:\/\/www.europesays.com\/se\/wp-json\/wp\/v2\/media?parent=137088"}],"wp:term":[{"taxonomy":"category","embeddable":true,"href":"https:\/\/www.europesays.com\/se\/wp-json\/wp\/v2\/categories?post=137088"},{"taxonomy":"post_tag","embeddable":true,"href":"https:\/\/www.europesays.com\/se\/wp-json\/wp\/v2\/tags?post=137088"}],"curies":[{"name":"wp","href":"https:\/\/api.w.org\/{rel}","templated":true}]}}