{"id":137094,"date":"2026-01-15T13:50:14","date_gmt":"2026-01-15T13:50:14","guid":{"rendered":"https:\/\/www.europesays.com\/se\/137094\/"},"modified":"2026-01-15T13:50:14","modified_gmt":"2026-01-15T13:50:14","slug":"5-grafer-alla-investerare-bor-halla-koll-pa-i-europa-2026","status":"publish","type":"post","link":"https:\/\/www.europesays.com\/se\/137094\/","title":{"rendered":"5 grafer alla investerare b\u00f6r h\u00e5lla koll p\u00e5 i Europa 2026"},"content":{"rendered":"<p>Det viktigaste i korthet<\/p>\n<ul class=\"mdc-story-list__mdc mdc-story-list--unordered__mdc mdc-story-body__block__mdc\">\n<li>Den ekonomiska tillv\u00e4xten \u00e4r fortfarande blygsam, men f\u00f6rv\u00e4ntas gradvis f\u00f6rb\u00e4ttras fram till 2027.<\/li>\n<li>Energimarknaderna g\u00e5r fr\u00e5n krishantering till strukturell omst\u00e4llning.<\/li>\n<li>Aktier i Europa \u00e4r fortfarande billigare \u00e4n sina amerikanska motsvarigheter, med medvind fr\u00e5n makroekonomisk \u00e5terh\u00e4mtning, m\u00e5ttlig inflation, l\u00e5ga r\u00e4ntor och h\u00f6gre konsumtion.<\/li>\n<\/ul>\n<p class=\"mdc-story-body__paragraph__mdc mdc-story-body__paragraph--large__mdc mdc-story-body__block__mdc\">De europeiska marknaderna g\u00e5r in i 2026 med en positiv ton, med minskad oro f\u00f6r recession, inflation n\u00e4ra centralbankernas m\u00e5l och finanspolitiska paket som b\u00f6rjar f\u00e5 genomslag i den reala ekonomin, samtidigt som flera europeiska tillg\u00e5ngar fortfarande handlas till mer m\u00e5ttliga v\u00e4rderingar \u00e4n sina amerikanska motsvarigheter.<\/p>\n<p class=\"mdc-story-body__paragraph__mdc mdc-story-body__paragraph--large__mdc mdc-story-body__block__mdc\">Men n\u00e4r v\u00e4rderingarna n\u00e4rmar sig tv\u00e5\u00e5rsh\u00f6gsta blir aktieinvesterarna mer kritiska och v\u00e4ger f\u00f6rb\u00e4ttrade tillv\u00e4xtutsikter mot h\u00f6gre obligationsr\u00e4ntor och geopolitiska risker. Den AI-ber\u00e4ttelse som har pr\u00e4glat marknaderna under 2025 kommer att f\u00f6rbli en dominerande kraft under 2026, och investerarna kommer att fokusera allt mer p\u00e5 var inf\u00f6randet kan oms\u00e4ttas i vinst. Vi har identifierat fem signaler att h\u00e5lla utkik efter.<\/p>\n<p> <a href=\"https:\/\/global.morningstar.com\/sv\/marknader\/utsikter-fr-den-europeiska-aktiemarknaden-2026-investerarna-r-optimistiska-men-riskerna-kar\" tabindex=\"0\" class=\"mdc-link__mdc mdc-link--no-underline__mdc mdc-story-interstitial-link__link__mdc mdc-story-interstitial-link__link--block__mdc\" rel=\"nofollow noopener\" target=\"_blank\">Utsikter f\u00f6r den europeiska aktiemarknaden 2026  <img decoding=\"async\" src=\"https:\/\/www.europesays.com\/se\/wp-content\/uploads\/2026\/01\/CJJKQYIIXFA6VO2SNFSHGNQCHQ.png\" alt=\"\" height=\"80px\" width=\"80px\" class=\"mdc-image mdc-story-interstitial-link__block-image__mdc\"\/><\/a>Europas tillv\u00e4xtutsikter: En gradvis \u00e5terh\u00e4mtning, inte en boom<\/p>\n<p class=\"mdc-story-body__paragraph__mdc mdc-story-body__paragraph--large__mdc mdc-story-body__block__mdc\">Efter flera \u00e5r av svag och oj\u00e4mn tillv\u00e4xt, med en tillv\u00e4xt i EU27 p\u00e5 omkring 1% under 2024 och endast en gradvis f\u00f6rb\u00e4ttring under 2025 p\u00e5 grund av energichocker, h\u00f6g inflation, stramare penningpolitik och sp\u00e4nningar kring amerikanska tullar, g\u00e5r Europa in i 2026 med mer stabila \u2013 om \u00e4n fortfarande blygsamma \u2013 tillv\u00e4xtutsikter.<\/p>\n<p class=\"mdc-story-body__paragraph__mdc mdc-story-body__paragraph--large__mdc mdc-story-body__block__mdc\">Europeiska kommissionen prognostiserar att den reala BNP-tillv\u00e4xten i EU kommer att uppg\u00e5 till 1,4% 2026 och 1,5% 2027, med euroomr\u00e5det p\u00e5 en liknande men n\u00e5got l\u00e4gre niv\u00e5, fr\u00e4mst driven av privat konsumtion och investeringar. Stora medlemsstater som Tyskland, Frankrike, Italien och Spanien f\u00f6rv\u00e4ntas alla uppvisa tillv\u00e4xt.<\/p>\n<p class=\"mdc-story-body__paragraph__mdc mdc-story-body__paragraph--large__mdc mdc-story-body__block__mdc\">\u201dDen globala situationen \u00e4r fortsatt utmanande, men en motst\u00e5ndskraftig arbetsmarknad, f\u00f6rb\u00e4ttrad k\u00f6pkraft och gynnsamma finansieringsvillkor kommer att st\u00f6dja en m\u00e5ttlig ekonomisk tillv\u00e4xt\u201d, konstaterade EU i sin <a href=\"https:\/\/economy-finance.ec.europa.eu\/economic-forecast-and-surveys\/economic-forecasts\/autumn-2025-economic-forecast-shows-continued-growth-despite-challenging-environment_en\" tabindex=\"0\" class=\"mdc-link__mdc mdc-link--body__mdc\" rel=\"nofollow noopener\" target=\"_blank\">h\u00f6stprognos<\/a>.<\/p>\n<p class=\"mdc-story-body__paragraph__mdc mdc-story-body__paragraph--large__mdc mdc-story-body__block__mdc\">Finanspolitiken och hush\u00e5llens efterfr\u00e5gan framst\u00e5r som viktiga tillv\u00e4xtfaktorer f\u00f6r Europa 2026, eftersom beslutsfattarna i allt h\u00f6gre grad inser att efterfr\u00e5gan m\u00e5ste komma fr\u00e5n inom unionen snarare \u00e4n fr\u00e5n export. En m\u00e5ttlig uppmjukning av finanspolitiken i euroomr\u00e5det \u2013 ledd av Tysklands expansiva budgetplaner, inklusive h\u00f6gre f\u00f6rsvars- och infrastrukturutgifter \u2013 kommer att st\u00f6dja den inhemska aktiviteten, medan den avtagande inflationen och de stigande l\u00f6nerna f\u00f6rv\u00e4ntas h\u00f6ja realinkomsterna och underst\u00f6dja konsumtionen.<\/p>\n<p>Europeiska aktier: Vad investerare b\u00f6r fokusera p\u00e5<\/p>\n<p class=\"mdc-story-body__paragraph__mdc mdc-story-body__paragraph--large__mdc mdc-story-body__block__mdc\">De europeiska aktiemarknaderna g\u00e5r in i 2026 mot en mer gynnsam makroekonomisk bakgrund. Tillv\u00e4xtf\u00f6rv\u00e4ntningarna har f\u00f6rb\u00e4ttrats n\u00e5got, inflationsriskerna har skiftat ned\u00e5t och st\u00f6rre klarhet om handelsvillkoren \u2013 trots kvarvarande tullar \u2013 har minskat en viktig k\u00e4lla till os\u00e4kerhet f\u00f6r investerarna. Samtidigt blir det finanspolitiska st\u00f6det allt tydligare, med delar av Tysklands infrastrukturfond som ska tas i bruk och h\u00f6gre f\u00f6rsvarsutgifter i hela Europa som kommer att ge en konkret boost till industriaktiviteten.<\/p>\n<p class=\"mdc-story-body__paragraph__mdc mdc-story-body__paragraph--large__mdc mdc-story-body__block__mdc\">Dessa faktorer bidrar till att f\u00f6rklara varf\u00f6r de europeiska aktiev\u00e4rderingarna har \u00e5terh\u00e4mtat sig fr\u00e5n den f\u00f6rs\u00e4ljningsv\u00e5g som utl\u00f6stes av USA:s tullbesked i april 2025. \u201dDe europeiska marknaderna handlas nu med endast 1% rabatt p\u00e5 v\u00e5rt uppskattade verkliga v\u00e4rde, vilket \u00e4r en mindre rabatt \u00e4n den som marknaden har handlat med under st\u00f6rre delen av de senaste tv\u00e5 \u00e5ren\u201d, enligt Michael Field, Morningstars chefsstrateg f\u00f6r de europeiska marknaderna.<\/p>\n<p> <a href=\"https:\/\/global.morningstar.com\/sv\/aktier\/bsta-europeiska-aktier-fr-frsta-kvartalet-2026-vra-toppval-per-sektor\" tabindex=\"0\" class=\"mdc-link__mdc mdc-link--no-underline__mdc mdc-story-interstitial-link__link__mdc mdc-story-interstitial-link__link--block__mdc\" rel=\"nofollow noopener\" target=\"_blank\">B\u00e4sta europeiska aktier f\u00f6r f\u00f6rsta kvartalet 2026  <img decoding=\"async\" src=\"https:\/\/www.europesays.com\/se\/wp-content\/uploads\/2026\/01\/2AHLG4GJX5DLXCSDYWICO5S47A.png\" alt=\"\" height=\"80px\" width=\"80px\" class=\"mdc-image mdc-story-interstitial-link__block-image__mdc\"\/><\/a><\/p>\n<p class=\"mdc-story-body__paragraph__mdc mdc-story-body__paragraph--large__mdc mdc-story-body__block__mdc\">Eftersom europeiska aktier handlas med endast en liten rabatt j\u00e4mf\u00f6rt med verkligt v\u00e4rde, speglar v\u00e4rderingarna nu dock en stor del av de positiva nyheterna, vilket g\u00f6r att investerarna har mindre incitament att k\u00f6pa just nu, till\u00e4gger han.<\/p>\n<p>Euron mot dollarn: Fr\u00e5n underv\u00e4rderad till stabilisering<\/p>\n<p class=\"mdc-story-body__paragraph__mdc mdc-story-body__paragraph--large__mdc mdc-story-body__block__mdc\">Tullavgifter \u00e4r inte det enda motvinden som europeiska export\u00f6rer st\u00e5r inf\u00f6r n\u00e4r marknaderna g\u00e5r in i 2026. V\u00e4xelkurserna spelar ocks\u00e5 en roll: Eurons styrka kan tynga export\u00f6rerna genom att urholka konkurrenskraften och begr\u00e4nsa \u00f6vers\u00e4ttningsboosten fr\u00e5n utl\u00e4ndska int\u00e4kter, vilket gynnar f\u00f6retag med st\u00f6rre exponering mot inhemsk efterfr\u00e5gan.<\/p>\n<p class=\"mdc-story-body__paragraph__mdc mdc-story-body__paragraph--large__mdc mdc-story-body__block__mdc\">Efter att ha gynnats av perioder av dollarns svaghet under 2025 g\u00e5r euron in i 2026 p\u00e5 omkring 1,16 mot dollarn, vilket \u00e4r l\u00e5ngt under dess l\u00e5ngsiktiga verkliga v\u00e4rde p\u00e5 1,20, enligt Morningstars valutaanalys. Under st\u00f6rre delen av det senaste decenniet har den gemensamma valutan handlats betydligt under sitt verkliga v\u00e4rde mot den amerikanska dollarn, tyngd av skillnader i penningpolitiken och oro \u00f6ver sammanh\u00e5llningen i valutaunionen.<\/p>\n<p class=\"mdc-story-body__paragraph__mdc mdc-story-body__paragraph--large__mdc mdc-story-body__block__mdc\">\u201d\u00c4ven om euroomr\u00e5det st\u00e5r inf\u00f6r egna strukturella utmaningar bidrar valutans relativa stabilitet, institutionella trov\u00e4rdighet och starka externa balansr\u00e4kning till att \u00f6ka dess andel i portf\u00f6ljallokeringsbeslut v\u00e4rlden \u00f6ver\u201d, <a href=\"https:\/\/www.morningstar.com\/economy\/will-euro-keep-rising\" tabindex=\"0\" class=\"mdc-link__mdc mdc-link--body__mdc\" rel=\"nofollow noopener\" target=\"_blank\">s\u00e4ger<\/a> Michael Diamantopoulos, bitr\u00e4dande direkt\u00f6r f\u00f6r r\u00e4nteb\u00e4rande v\u00e4rdepapper och valutor p\u00e5 Morningstar. \u201dTrots apprecieringen 2025 tyder v\u00e5ra v\u00e4rderingsm\u00e5tt p\u00e5 att EUR-valutan fortfarande \u00e4r m\u00e5ttligt underv\u00e4rderad gentemot den amerikanska dollarn.\u201d<\/p>\n<p class=\"mdc-story-body__paragraph__mdc mdc-story-body__paragraph--large__mdc mdc-story-body__block__mdc\">Framtida r\u00f6relser kommer att drivas mindre av v\u00e4rderingsupph\u00e4mtning och mer av makroekonomisk och politisk dynamik, enligt Morningstars \u201dEUR Conviction Update\u201d. ECB:s trov\u00e4rdighet f\u00f6rblir en relativ styrka eftersom inflationen har \u00e5terg\u00e5tt mot m\u00e5let och skillnaderna i penningpolitiken j\u00e4mf\u00f6rt med Federal Reserve har blivit mindre uttalade, vilket minskar ned\u00e5trisken f\u00f6r valutan. Samtidigt st\u00f6der Tysklands finanspolitiska expansion den inhemska tillv\u00e4xten, men inneb\u00e4r ocks\u00e5 en \u00f6kad emission av statsobligationer, vilket h\u00e5ller r\u00e4ntorna p\u00e5 en h\u00f6g niv\u00e5. Medan euroomr\u00e5dets externa balans f\u00f6rblir solid, utg\u00f6r den \u00f6kande handelsfragmenteringen och de h\u00f6gre amerikanska tullarna risker, vilket g\u00f6r kapitalinfl\u00f6den till produktiva investeringar till en nyckelfaktor f\u00f6r att uppr\u00e4tth\u00e5lla valutans motst\u00e5ndskraft under 2026, enligt rapporten.<\/p>\n<p class=\"mdc-story-body__paragraph__mdc mdc-story-body__paragraph--large__mdc mdc-story-body__block__mdc\">F\u00f6r europeiska investerare inneb\u00e4r en starkare euro att nya investeringar i dollar blir billigare, men ocks\u00e5 att avkastningen i euro p\u00e5 befintliga dollarexponeringar minskar.<\/p>\n<p>Bortom Europas energikris<\/p>\n<p class=\"mdc-story-body__paragraph__mdc mdc-story-body__paragraph--large__mdc mdc-story-body__block__mdc\">I ett stabiliserande makroekonomiskt klimat skiftar energisektorn fokus fr\u00e5n krishantering efter kriget i Ukraina till l\u00e5ngsiktig omvandling. Ryssland var en huvudleverant\u00f6r av gas via r\u00f6rledningar till Europa innan sanktionerna inf\u00f6rdes efter landets fullskaliga invasion av Ukraina.<\/p>\n<p class=\"mdc-story-body__paragraph__mdc mdc-story-body__paragraph--large__mdc mdc-story-body__block__mdc\">Priserna p\u00e5 naturgas har sjunkit markant fr\u00e5n sina toppniv\u00e5er 2022 och p\u00e5verkas f\u00f6r n\u00e4rvarande av ett gott utbud, d\u00e4mpad efterfr\u00e5gan p\u00e5 kort sikt och avsaknaden av st\u00f6rre st\u00f6rningar, \u00e4ven om kortfristiga noteringar fortfarande \u00e4r k\u00e4nsliga f\u00f6r v\u00e4der och geopolitiska faktorer.<\/p>\n<p class=\"mdc-story-body__paragraph__mdc mdc-story-body__paragraph--large__mdc mdc-story-body__block__mdc\">Kontinentaleuropas j\u00e4mf\u00f6relseindex f\u00f6r naturgas, TTF, handlas i mitten av januari till omkring 30 euro per megawattimme, vilket \u00e4r den l\u00e4gsta niv\u00e5n sedan v\u00e5ren 2024. Lagerniv\u00e5erna \u00e4r l\u00e4gre \u00e4n tidigare \u00e5r, men \u201dimporten av flytande naturgas och leveranser via r\u00f6rledningar \u2013 s\u00e4rskilt fr\u00e5n Norge \u2013 forts\u00e4tter att s\u00e4kerst\u00e4lla f\u00f6rs\u00f6rjningen\u201d, s\u00e4ger Josephine Steppat, analytiker hos energibyr\u00e5n Montel. \u201dF\u00f6r n\u00e4rvarande ser vi inga tecken p\u00e5 strukturella brister, f\u00f6rutsatt att det inte intr\u00e4ffar n\u00e5gra ov\u00e4ntade geopolitiska st\u00f6rningar eller perioder med extrem kyla.\u201d Konkurrensen med asiatiska l\u00e4nder om LNG kan potentiellt driva upp priserna, s\u00e4rskilt om temperaturen sjunker kraftigt och lagerniv\u00e5erna minskar ytterligare, till\u00e4gger hon.<\/p>\n<blockquote class=\"mdc-story-blockquote__mdc mdc-story-blockquote--pull__mdc\">\n<p class=\"mdc-story-body__paragraph__mdc mdc-story-body__paragraph--large__mdc\">Amerikansk LNG kommer att bli en av Europas viktigaste importk\u00e4llor<\/p>\n<p> Josephine Steppat, Montel<\/p><\/blockquote>\n<p class=\"mdc-story-body__paragraph__mdc mdc-story-body__paragraph--large__mdc mdc-story-body__block__mdc\">Strategiskt sett \u00e4r EU:s beslut att fasa ut importen av rysk gas senast i november 2027 avg\u00f6rande, till\u00e4gger hon. \u201dMot denna bakgrund kommer amerikansk LNG att bli en av Europas viktigaste importk\u00e4llor, och vi ser redan en \u00f6kning av handelsvolymerna f\u00f6r amerikansk LNG. Som ett resultat av detta blir de globala LNG-priserna i allt h\u00f6gre grad en avg\u00f6rande drivkraft f\u00f6r de europeiska gaspriserna.\u201d<\/p>\n<p>AI och energibehovet i Europa: Vad 2026 inneb\u00e4r f\u00f6r investerare<\/p>\n<p class=\"mdc-story-body__paragraph__mdc mdc-story-body__paragraph--large__mdc mdc-story-body__block__mdc\">Trots den \u00f6kande efterfr\u00e5gan ser elf\u00f6rs\u00f6rjningen ocks\u00e5 ut att vara tillr\u00e4cklig i vinter och under de kommande \u00e5ren, till\u00e4gger Montels Steppat. \u00c4ven om efterfr\u00e5gan p\u00e5 el kommer att \u00f6ka under de kommande \u00e5rtiondena, delvis p\u00e5 grund av AI-behov, f\u00f6rutser Montel inga strukturella elbrist.<\/p>\n<p class=\"mdc-story-body__paragraph__mdc mdc-story-body__paragraph--large__mdc mdc-story-body__block__mdc\">De genomsnittliga europeiska elpriserna kommer sannolikt att sjunka under 2026, s\u00e4ger Montels Steppat. \u201dP\u00e5 kort sikt ser vi en tendens till sjunkande elpriser i Europa. Detta beror fr\u00e4mst p\u00e5 sjunkande gaspriser, vilket ocks\u00e5 syns p\u00e5 terminsmarknaderna f\u00f6r det kommande \u00e5ret. Eftersom elpriserna i Europa p\u00e5verkas starkt av gaspriserna inneb\u00e4r denna utveckling en viss l\u00e4ttnad.\u201d<\/p>\n<p class=\"mdc-story-body__paragraph__mdc mdc-story-body__paragraph--large__mdc mdc-story-body__block__mdc\">Det finns dock fortfarande stora prisskillnader mellan de europeiska l\u00e4nderna. Medan grossistpriserna i syd\u00f6stra Europa \u00e4r relativt h\u00f6ga, har de nordiska l\u00e4nderna och Iberiska halv\u00f6n l\u00e4gre genomsnittliga \u00e5rspriser. Olika skatter och n\u00e4tavgifter komplicerar situationen ytterligare f\u00f6r industriella anv\u00e4ndare. Vissa l\u00e4nder med h\u00f6ga priser, d\u00e4ribland Italien och Tyskland, subventionerar eller planerar att st\u00f6dja industriella elpriser 2026, f\u00f6rutsatt att Europeiska kommissionen godk\u00e4nner detta.<\/p>\n<p class=\"mdc-story-body__paragraph__mdc mdc-story-body__paragraph--large__mdc mdc-story-body__block__mdc\">\u201dSammantaget f\u00f6rv\u00e4ntar vi oss inga strukturella flaskhalsar i Europas elf\u00f6rs\u00f6rjning. Baserat p\u00e5 nationella expansionsm\u00e5l b\u00f6r tillr\u00e4cklig produktionskapacitet skapas i hela Europa f\u00f6r att t\u00e4cka \u00e4ven den ytterligare efterfr\u00e5gan fr\u00e5n AI\u201d, s\u00e4ger Steppat. F\u00f6ruts\u00e4ttningen \u00e4r ett mer flexibelt system, med lagring f\u00f6r att absorbera \u00f6verskott och frig\u00f6ra kraft n\u00e4r det beh\u00f6vs, samt en efterfr\u00e5gan som kan skifta i takt med varierande produktion fr\u00e5n f\u00f6rnybara k\u00e4llor.<\/p>\n<p class=\"mdc-story-body__paragraph__mdc mdc-story-body__paragraph--large__mdc mdc-story-body__block__mdc\">I \u00e5r f\u00f6rv\u00e4ntas elbehovet i EU27 plus Norge, Schweiz och Storbritannien \u00f6ka med cirka 7% j\u00e4mf\u00f6rt med 2025, med en genomsnittlig tillv\u00e4xttakt p\u00e5 2,8% under de kommande 15 \u00e5ren.<\/p>\n<p>F\u00f6rfattaren eller f\u00f6rfattarna \u00e4ger inga aktier i de v\u00e4rdepapper som n\u00e4mns i denna artikel. L\u00e4s mer om <a href=\"https:\/\/global.morningstar.com\/sv\/policyer\/morningstars-redaktionella-policy\" tabindex=\"0\" target=\"_blank\" class=\"mdc-link__mdc mdc-link--body__mdc\" rel=\"nofollow noopener\"><br \/>\n\t\t\t\t\t\t\t\t\tMorningstars redaktionella policy.<br \/>\n\t\t\t\t\t\t\t\t<\/a><\/p>\n","protected":false},"excerpt":{"rendered":"Det viktigaste i korthet Den ekonomiska tillv\u00e4xten \u00e4r fortfarande blygsam, men f\u00f6rv\u00e4ntas gradvis f\u00f6rb\u00e4ttras fram till 2027. Energimarknaderna&hellip;\n","protected":false},"author":2,"featured_media":137095,"comment_status":"","ping_status":"","sticky":false,"template":"","format":"standard","meta":{"footnotes":""},"categories":[65],"tags":[72,70,71,34,31,33,32,30],"class_list":{"0":"post-137094","1":"post","2":"type-post","3":"status-publish","4":"format-standard","5":"has-post-thumbnail","7":"category-ekonomi","8":"tag-business","9":"tag-economy","10":"tag-ekonomi","11":"tag-se","12":"tag-svenska","13":"tag-sverige","14":"tag-sweden","15":"tag-swedish"},"share_on_mastodon":{"url":"https:\/\/pubeurope.com\/@se\/115899441123734823","error":""},"_links":{"self":[{"href":"https:\/\/www.europesays.com\/se\/wp-json\/wp\/v2\/posts\/137094","targetHints":{"allow":["GET"]}}],"collection":[{"href":"https:\/\/www.europesays.com\/se\/wp-json\/wp\/v2\/posts"}],"about":[{"href":"https:\/\/www.europesays.com\/se\/wp-json\/wp\/v2\/types\/post"}],"author":[{"embeddable":true,"href":"https:\/\/www.europesays.com\/se\/wp-json\/wp\/v2\/users\/2"}],"replies":[{"embeddable":true,"href":"https:\/\/www.europesays.com\/se\/wp-json\/wp\/v2\/comments?post=137094"}],"version-history":[{"count":0,"href":"https:\/\/www.europesays.com\/se\/wp-json\/wp\/v2\/posts\/137094\/revisions"}],"wp:featuredmedia":[{"embeddable":true,"href":"https:\/\/www.europesays.com\/se\/wp-json\/wp\/v2\/media\/137095"}],"wp:attachment":[{"href":"https:\/\/www.europesays.com\/se\/wp-json\/wp\/v2\/media?parent=137094"}],"wp:term":[{"taxonomy":"category","embeddable":true,"href":"https:\/\/www.europesays.com\/se\/wp-json\/wp\/v2\/categories?post=137094"},{"taxonomy":"post_tag","embeddable":true,"href":"https:\/\/www.europesays.com\/se\/wp-json\/wp\/v2\/tags?post=137094"}],"curies":[{"name":"wp","href":"https:\/\/api.w.org\/{rel}","templated":true}]}}