{"id":137096,"date":"2026-01-15T13:51:13","date_gmt":"2026-01-15T13:51:13","guid":{"rendered":"https:\/\/www.europesays.com\/se\/137096\/"},"modified":"2026-01-15T13:51:13","modified_gmt":"2026-01-15T13:51:13","slug":"lavrov-hela-systemet-faller-samman-spolas-ned-i-avloppet","status":"publish","type":"post","link":"https:\/\/www.europesays.com\/se\/137096\/","title":{"rendered":"Lavrov: Hela systemet faller samman \u2013 \u201cspolas ned i avloppet\u201d"},"content":{"rendered":"<p>Det menar den ryska utrikesministern Sergej Lavrov som nu bryter en l\u00e4ngre tids tystnad efter den amerikanska operationen i Venezuela den 3 januari i \u00e5r.<\/p>\n<p>\u2013 Vi talar om ett grovt brott mot internationell r\u00e4tt, s\u00e4ger Lavrov enligt Reuters.<\/p>\n<p>Ministern menar att USA:s operation i det Rysslandsallierade landet, samt de efterf\u00f6ljande hoten mot Iran, en annan allierad till Moskva, \u201csplittrar det internationella system som Washington hj\u00e4lpt till att skapa\u201d, skriver nyhetsbyr\u00e5n.<\/p>\n<p>\u2013 Generellt visar detta och andra \u00e5tg\u00e4rder p\u00e5 den internationella arenan v\u00e5ra amerikanska kollegors linje att bryta hela det system som skapats under m\u00e5nga \u00e5r med deras deltagande.<\/p>\n<p><b>&#8221;Spolats ned i avloppet&#8221;<\/b><\/p>\n<p>Enligt Lavrov har hela den internationella ordningen, likv\u00e4l globaliseringen, nu \u201cspolats ned i avloppet&#8221; och h\u00e5ller p\u00e5 att fragmenteras.<\/p>\n<p>Utrikesministern h\u00e4vdar ocks\u00e5 att USA, genom att \u00f6verge principerna man s\u00e5 l\u00e4nge f\u00f6respr\u00e5kat, nu har sk\u00e4mt ut sig.<\/p>\n<p>\u2013 V\u00e5ra amerikanska kollegor framst\u00e5r som op\u00e5litliga n\u00e4r de agerar p\u00e5 detta s\u00e4tt, s\u00e4ger Lavrov.<\/p>\n<p>L\u00c4S MER: <a style=\"color: #0000ff;\" href=\"https:\/\/ekonomibladet.se\/ryssland-har-attackerat-sig-sjalva\/\" rel=\"nofollow noopener\" target=\"_blank\">Ryssland har attackerat sig sj\u00e4lva<\/a><\/p>\n<p><b>Bryter sj\u00e4lva mot flera lagar<\/b><\/p>\n<p>Ryssland, som sj\u00e4lva br\u00f6t mot folkr\u00e4tten och flera internationella lagar vid invasionen av Ukraina och vars ledare Vladimir Putin \u00e4r efterlyst av Internationella brottm\u00e5lsdomstolen, kommer inte heller att vika en tum i sina bilaterala avtal med Iran.<\/p>\n<p>Det understryker Sergej Lavrov. Inget annat land kan \u00e4ndra p\u00e5 det, framh\u00e5ller han.<\/p>\n<p>I maj f\u00f6rra \u00e5ret bekr\u00e4ftade Iran och Ryssland att l\u00e4nderna ing\u00e5tt en \u00f6msesidig f\u00f6rsvarspakt.\u00a0<\/p>\n<p>Avtalet hindrade dock inte USA fr\u00e5n att bomba iranska k\u00e4rnkraftsanl\u00e4ggningar en m\u00e5nad senare.<\/p>\n<p>Under de senaste dagarna har demonstrationerna mot Irans regim eskalerat i landet. Minst 12 000 personer ska ha d\u00f6dats under blott tv\u00e5 dagar i veckan, enligt Londonbaserade Iran International.<\/p>\n<p>USA:s president Donald Trump har uppmanat den iranska befolkningen att forts\u00e4tta demonstrera och lovat att \u201chj\u00e4lp \u00e4r p\u00e5 v\u00e4g\u201d.<\/p>\n<p>L\u00c4S MER: <a style=\"color: #0000ff;\" href=\"https:\/\/ekonomibladet.se\/uppgifter-usa-kan-sla-till-inom-24-timmar\/\" rel=\"nofollow noopener\" target=\"_blank\">USA kan sl\u00e5 till inom 24 timmar<\/a><\/p>\n<p>Foto: President of Russia Office<\/p>\n<p>Text: Redaktionen<\/p>\n","protected":false},"excerpt":{"rendered":"Det menar den ryska utrikesministern Sergej Lavrov som nu bryter en l\u00e4ngre tids tystnad efter den amerikanska operationen&hellip;\n","protected":false},"author":2,"featured_media":62609,"comment_status":"","ping_status":"","sticky":false,"template":"","format":"standard","meta":{"footnotes":""},"categories":[14],"tags":[22,23,26,27,17,21,24,25,28,29,15,16,18,34,31,33,32,30,19,20,51,52,53,54],"class_list":{"0":"post-137096","1":"post","2":"type-post","3":"status-publish","4":"format-standard","5":"has-post-thumbnail","7":"category-varlden","8":"tag-breaking-news","9":"tag-breakingnews","10":"tag-featured-news","11":"tag-featurednews","12":"tag-headlines","13":"tag-huvudnyheter","14":"tag-latest-news","15":"tag-latestnews","16":"tag-main-news","17":"tag-mainnews","18":"tag-news","19":"tag-nyheter","20":"tag-rubriker","21":"tag-se","22":"tag-svenska","23":"tag-sverige","24":"tag-sweden","25":"tag-swedish","26":"tag-top-stories","27":"tag-topstories","28":"tag-varlden","29":"tag-world","30":"tag-world-news","31":"tag-worldnews"},"share_on_mastodon":{"url":"https:\/\/pubeurope.com\/@se\/115899445131160279","error":""},"_links":{"self":[{"href":"https:\/\/www.europesays.com\/se\/wp-json\/wp\/v2\/posts\/137096","targetHints":{"allow":["GET"]}}],"collection":[{"href":"https:\/\/www.europesays.com\/se\/wp-json\/wp\/v2\/posts"}],"about":[{"href":"https:\/\/www.europesays.com\/se\/wp-json\/wp\/v2\/types\/post"}],"author":[{"embeddable":true,"href":"https:\/\/www.europesays.com\/se\/wp-json\/wp\/v2\/users\/2"}],"replies":[{"embeddable":true,"href":"https:\/\/www.europesays.com\/se\/wp-json\/wp\/v2\/comments?post=137096"}],"version-history":[{"count":0,"href":"https:\/\/www.europesays.com\/se\/wp-json\/wp\/v2\/posts\/137096\/revisions"}],"wp:featuredmedia":[{"embeddable":true,"href":"https:\/\/www.europesays.com\/se\/wp-json\/wp\/v2\/media\/62609"}],"wp:attachment":[{"href":"https:\/\/www.europesays.com\/se\/wp-json\/wp\/v2\/media?parent=137096"}],"wp:term":[{"taxonomy":"category","embeddable":true,"href":"https:\/\/www.europesays.com\/se\/wp-json\/wp\/v2\/categories?post=137096"},{"taxonomy":"post_tag","embeddable":true,"href":"https:\/\/www.europesays.com\/se\/wp-json\/wp\/v2\/tags?post=137096"}],"curies":[{"name":"wp","href":"https:\/\/api.w.org\/{rel}","templated":true}]}}