{"id":137098,"date":"2026-01-15T13:53:14","date_gmt":"2026-01-15T13:53:14","guid":{"rendered":"https:\/\/www.europesays.com\/se\/137098\/"},"modified":"2026-01-15T13:53:14","modified_gmt":"2026-01-15T13:53:14","slug":"klart-lodjur-far-skjutas-i-varmland-sa-manga-ingar-i-licensjakten-nwt","status":"publish","type":"post","link":"https:\/\/www.europesays.com\/se\/137098\/","title":{"rendered":"KLART: Lodjur f\u00e5r skjutas i V\u00e4rmland \u2013 s\u00e5 m\u00e5nga ing\u00e5r i licensjakten &#8211; NWT"},"content":{"rendered":"<ol>\n<li><a href=\"https:\/\/news.google.com\/rss\/articles\/CBMinAFBVV95cUxQWWQzY1hyNEJPOGRWaTlKMjBVVEs1QmxmcVNYQ0EzcDNLa0RyMkNoQmJfWVQzeGVNVDJ4UlFRWXlvVE00VzZSM1VKbEwtSlVLTHJQa1hFSWxvTnBLY0NnSVY5X3NRbGY4eW41V3VCdUItRlhXVmZocnc2Y3F0c2ZqaU5SNjlneDhzTktNcU9yTGhiWWJ3ancwc29iTmc?oc=5\" target=\"_blank\" rel=\"nofollow noopener\">KLART: Lodjur f\u00e5r skjutas i V\u00e4rmland \u2013 s\u00e5 m\u00e5nga ing\u00e5r i licensjakten<\/a>&nbsp;&nbsp;NWT<\/li>\n<li><a href=\"https:\/\/news.google.com\/rss\/articles\/CBMijgFBVV95cUxQNTFmZzByUGIxb1dHQjNlVkItdWpqYVZQaVBZWlh6dUtPWDFzMHItTElBZWNEbEZqVU1VeWNmVnN3Y285Wks4TFRNNGFNdFprWjFwT3Jyd2g1NXFIUEZpVFl4WWNIQmtla0RJaEJaSU04cEkzMkxnak9IMjJkYk45M3MzWXNnSUlSaGNzZjdB?oc=5\" target=\"_blank\" rel=\"nofollow noopener\">Beslutet: \u00c5tta lodjur f\u00e5r skjutas i \u00d6sterg\u00f6tland<\/a>&nbsp;&nbsp;SVT Nyheter<\/li>\n<li><a href=\"https:\/\/news.google.com\/rss\/articles\/CBMiigFBVV95cUxOMVhDUlEzUmF5TG9hc29VN043VTN0SHFoYjY0cE13LVVMZ2JQYjBEOHVTU2xzSVMzVXpXQ1F6WDVEZmJrQVZmU0pjZGRyM2NOaUMzN0ZHTklBQlBxYk9hY04yYUdLdGM0UVZiQVNlNS1GQ1JWN3NBb3lTTWF4bm9GSm9tcklzSHAzVGc?oc=5\" target=\"_blank\" rel=\"nofollow noopener\">S\u00e5 blir lodjursjakten 2026 \u2013 besluten l\u00e4n f\u00f6r l\u00e4n<\/a>&nbsp;&nbsp;Svensk Jakt<\/li>\n<li><a href=\"https:\/\/news.google.com\/rss\/articles\/CBMilwFBVV95cUxQOUhQUTBmWXVmbk5MV09STlJOaVhjU0YzOTRia3lMV0ZBQmZDMUp0SW9yT1FZUnFsNlFSMVFfZGw5bGZQZzJnR0NEbHE4LTRMUTgwdWkyazRoNmJsSFFtX1luUEFpSVZpMGo4ZENsU2p6RXA5SVV0NWttMWl1TEg0MjJkX1B2V3FlSVhNbWxIYlFIZ1FUS1hj?oc=5\" target=\"_blank\" rel=\"nofollow noopener\">KLART: Lodjur f\u00e5r skjutas i V\u00e4rmland \u2013 nytt beslut om licensjakt<\/a>&nbsp;&nbsp;NWT<\/li>\n<li><a href=\"https:\/\/news.google.com\/rss\/articles\/CBMifkFVX3lxTE92Z2xPdGJfQnlicXlNbFZuazlYWEdpV09Nd1hDQkw5UXVzSE1wb2NjYUxEOXFVcEYyZEdCQzdZaVBiMDdwY25XLWNwdzhCQktqUEF0bkVpZnB5V2VEY3dKNVdXTTRVSE1KdnFRTXRQR0kwQ3dZUTJhQjEtOGNsdw?oc=5\" target=\"_blank\" rel=\"nofollow noopener\">Jonas f\u00e5r d\u00f6dades av lodjur \u2013 jublar \u00f6ver licensjakt<\/a>&nbsp;&nbsp;Sveriges Radio<\/li>\n<\/ol>\n","protected":false},"excerpt":{"rendered":"KLART: Lodjur f\u00e5r skjutas i V\u00e4rmland \u2013 s\u00e5 m\u00e5nga ing\u00e5r i licensjakten&nbsp;&nbsp;NWT Beslutet: \u00c5tta lodjur f\u00e5r skjutas i&hellip;\n","protected":false},"author":2,"featured_media":137099,"comment_status":"","ping_status":"","sticky":false,"template":"","format":"standard","meta":{"footnotes":""},"categories":[5],"tags":[22,23,26,27,17,21,24,25,28,29,15,16,18,34,31,33,32,30,19,20],"class_list":{"0":"post-137098","1":"post","2":"type-post","3":"status-publish","4":"format-standard","5":"has-post-thumbnail","7":"category-rubriker","8":"tag-breaking-news","9":"tag-breakingnews","10":"tag-featured-news","11":"tag-featurednews","12":"tag-headlines","13":"tag-huvudnyheter","14":"tag-latest-news","15":"tag-latestnews","16":"tag-main-news","17":"tag-mainnews","18":"tag-news","19":"tag-nyheter","20":"tag-rubriker","21":"tag-se","22":"tag-svenska","23":"tag-sverige","24":"tag-sweden","25":"tag-swedish","26":"tag-top-stories","27":"tag-topstories"},"share_on_mastodon":{"url":"https:\/\/pubeurope.com\/@se\/115899452797001335","error":""},"_links":{"self":[{"href":"https:\/\/www.europesays.com\/se\/wp-json\/wp\/v2\/posts\/137098","targetHints":{"allow":["GET"]}}],"collection":[{"href":"https:\/\/www.europesays.com\/se\/wp-json\/wp\/v2\/posts"}],"about":[{"href":"https:\/\/www.europesays.com\/se\/wp-json\/wp\/v2\/types\/post"}],"author":[{"embeddable":true,"href":"https:\/\/www.europesays.com\/se\/wp-json\/wp\/v2\/users\/2"}],"replies":[{"embeddable":true,"href":"https:\/\/www.europesays.com\/se\/wp-json\/wp\/v2\/comments?post=137098"}],"version-history":[{"count":0,"href":"https:\/\/www.europesays.com\/se\/wp-json\/wp\/v2\/posts\/137098\/revisions"}],"wp:featuredmedia":[{"embeddable":true,"href":"https:\/\/www.europesays.com\/se\/wp-json\/wp\/v2\/media\/137099"}],"wp:attachment":[{"href":"https:\/\/www.europesays.com\/se\/wp-json\/wp\/v2\/media?parent=137098"}],"wp:term":[{"taxonomy":"category","embeddable":true,"href":"https:\/\/www.europesays.com\/se\/wp-json\/wp\/v2\/categories?post=137098"},{"taxonomy":"post_tag","embeddable":true,"href":"https:\/\/www.europesays.com\/se\/wp-json\/wp\/v2\/tags?post=137098"}],"curies":[{"name":"wp","href":"https:\/\/api.w.org\/{rel}","templated":true}]}}