{"id":137108,"date":"2026-01-15T14:00:08","date_gmt":"2026-01-15T14:00:08","guid":{"rendered":"https:\/\/www.europesays.com\/se\/137108\/"},"modified":"2026-01-15T14:00:08","modified_gmt":"2026-01-15T14:00:08","slug":"nyhet-region-jonkopings-lan-9","status":"publish","type":"post","link":"https:\/\/www.europesays.com\/se\/137108\/","title":{"rendered":"Nyhet, Region J\u00f6nk\u00f6pings l\u00e4n"},"content":{"rendered":"<p>Region J\u00f6nk\u00f6pings l\u00e4n har nyligen beviljats tv\u00e5 forskningsanslag. Forsknings\u00e4mnena och studierna skiljer sig \u00e5t, men Andreas Stomby distriktsl\u00e4kare och specialist i allm\u00e4nmedicin vid Bra Liv R\u00e5sl\u00e4tt v\u00e5rdcentral, \u00e4r huvuds\u00f6kande i b\u00e5da projekten och f\u00e5r d\u00e4rmed ett forskningsanslag p\u00e5 n\u00e4stan tio miljoner kronor.<\/p>\n<p>Ut\u00f6ver sitt arbete som l\u00e4kare \u00e4r Andreas docent och adjungerad universitetslektor vid Link\u00f6pings universitet. Han kombinerar kliniskt arbete och forskning eftersom prim\u00e4rv\u00e5rden i Region J\u00f6nk\u00f6pings l\u00e4n \u00e4r en universitetssjukv\u00e5rdsenhet. Det inneb\u00e4r att vissa v\u00e5rdcentraler bedriver forskning, undervisning och kvalitetsutveckling som en del av sin ordinarie verksamhet.<\/p>\n<p>\u2013 Anslagen har beviljats i nationell konkurrens och \u00e4r en tydlig kvalitetsst\u00e4mpel. Det visar att det g\u00e5r att bedriva stark och konkurrenskraftig forskning i prim\u00e4rv\u00e5rden, s\u00e4ger forskningsledare Katarina Hedin. Det visar ocks\u00e5 att Futurum, regionens forsknings- och utbildningsenhet, arbetar i r\u00e4tt riktning.<\/p>\n<p>Prevention av hj\u00e4rt- och k\u00e4rlsjukdom<\/p>\n<p>Ett av projekten, som finansieras av <a href=\"https:\/\/forte.se\/\" target=\"_blank\" rel=\"noopener noreferrer nofollow\">Forte<\/a>, handlar om hur prim\u00e4rv\u00e5rden kan arbeta mer j\u00e4mlikt och l\u00e5ngsiktigt med att f\u00f6rebygga hj\u00e4rt- och k\u00e4rlsjukdom. Behovet av att f\u00f6lja patienter \u00f6ver tid \u00e4r stort.<\/p>\n<p>\u2013 Efter en hj\u00e4rtinfarkt f\u00f6ljs patienten noggrant inom sjukhusv\u00e5rden och det finns bra register, som Swedeheart, s\u00e4ger Andreas. I prim\u00e4rv\u00e5rden saknas motsvarande register, vilket g\u00f6r det sv\u00e5rare att f\u00f6lja patientens utveckling \u00f6ver tid.<\/p>\n<p>Det \u00e4r k\u00e4nt att det finns socioekonomiska skillnader i risken att drabbas igen, men orsakerna \u00e4r oklara. Studien ska d\u00e4rf\u00f6r kombinera patientuppgifter, socioekonomiska faktorer och olika registerdata f\u00f6r att skapa en b\u00e4ttre helhetsbild.<\/p>\n<p>\u2013 M\u00e5let \u00e4r att f\u00f6rst\u00e5 mer f\u00f6r att kunna prioritera r\u00e4tt insatser i prim\u00e4rv\u00e5rden och skapa en mer j\u00e4mlik v\u00e5rd, s\u00e4ger Andreas.<\/p>\n<p>Denna studie kommer genomf\u00f6ras av Andreas tillsammans med tv\u00e5 doktorander knutna till Link\u00f6pings universitet; Emma Hag, specialistsjuksk\u00f6terska p\u00e5 hj\u00e4rtmottagningen, Ryhov och Albin Alsi\u00f6, AT-l\u00e4kare, Ryhov.<\/p>\n<p>V\u00e5rd utan bevisad effekt<\/p>\n<p>Det andra projektet, som finansieras av Vetenskapsr\u00e5det, handlar om att minska s\u00e5 kallad l\u00e5gv\u00e4rdev\u00e5rd \u2013 v\u00e5rd som saknar medicinsk nytta, till exempel on\u00f6diga unders\u00f6kningar eller l\u00e4kemedel utan bevisad effekt.<\/p>\n<p>\u2013 L\u00e5gv\u00e4rdev\u00e5rd uppskattas st\u00e5 f\u00f6r minst 10 procent av sjukv\u00e5rdens totala kostnader, s\u00e4ger Andreas. Det finns mycket forskning om varf\u00f6r den f\u00f6rekommer, men mindre om hur vi faktiskt ska sluta med den.<\/p>\n<p>Studien fokuserar p\u00e5 hur l\u00e4kare i prim\u00e4rv\u00e5rden kan f\u00e5 st\u00f6d att fatta trygga och v\u00e4lgrundade beslut, \u00e4ven n\u00e4r patienter efterfr\u00e5gar unders\u00f6kningar eller andra \u00e5tg\u00e4rder som inte beh\u00f6vs. Studien kommer genomf\u00f6ras av Andreas tillsammans med Anna Fritzson, distriktsl\u00e4kare p\u00e5 Bra Liv Habo v\u00e5rdcentral och doktorand vid Link\u00f6pings universitet.<\/p>\n<p>\u2013 Vi vill hj\u00e4lpa b\u00e5de l\u00e4kare och patienter att k\u00e4nna sig trygga i kloka medicinska beslut, s\u00e4ger Andreas.<\/p>\n<p>Stora anslag och stora f\u00f6rhoppningar<\/p>\n<p>De tv\u00e5 anslagen uppg\u00e5r tillsammans till n\u00e4ra 10 miljoner kronor.<\/p>\n<p>\u2013 Det \u00e4r mycket gl\u00e4djande att prim\u00e4rv\u00e5rdsforskning i v\u00e5r region uppm\u00e4rksammas, s\u00e4ger Katarina Hedin. Jag ser fram emot att forskningen ska bidra till att fylla viktiga kunskapsluckor och p\u00e5 sikt skapa \u00e4nnu b\u00e4ttre v\u00e5rd f\u00f6r l\u00e4nets inv\u00e5nare.<\/p>\n<p>En v\u00e5rdcentral med forskningsfokus<\/p>\n<p>Patienterna p\u00e5 R\u00e5sl\u00e4tts v\u00e5rdcentral kommer bara att delta i vissa delar av studierna, eftersom projekten \u00e4r nationella. Resultaten kommer d\u00e4remot hela v\u00e5rden till nytta och bidra med viktig kunskap f\u00f6r framtida forskning.<\/p>\n<p>\u2013 Det som skiljer R\u00e5sl\u00e4tt fr\u00e5n v\u00e5rdcentraler med enbart traditionell verksamhet \u00e4r att forskning \u00e4r en levande del av vardagen och ett \u00e5terkommande \u00e4mne, till exempel p\u00e5 APT, s\u00e4ger Andreas Stomby. Vi har en forskningssjuksk\u00f6terska p\u00e5 plats och hoppas kunna attrahera fler med forskningsintresse, vilket p\u00e5 sikt kan leda till fler studier.<\/p>\n<p>Text: Sofie Rotstedt<\/p>\n","protected":false},"excerpt":{"rendered":"Region J\u00f6nk\u00f6pings l\u00e4n har nyligen beviljats tv\u00e5 forskningsanslag. Forsknings\u00e4mnena och studierna skiljer sig \u00e5t, men Andreas Stomby distriktsl\u00e4kare&hellip;\n","protected":false},"author":2,"featured_media":137109,"comment_status":"","ping_status":"","sticky":false,"template":"","format":"standard","meta":{"footnotes":""},"categories":[12],"tags":[22,23,26,27,17,21,24,25,28,29,15,16,18,34,31,33,32,30,19,20],"class_list":{"0":"post-137108","1":"post","2":"type-post","3":"status-publish","4":"format-standard","5":"has-post-thumbnail","7":"category-sverige","8":"tag-breaking-news","9":"tag-breakingnews","10":"tag-featured-news","11":"tag-featurednews","12":"tag-headlines","13":"tag-huvudnyheter","14":"tag-latest-news","15":"tag-latestnews","16":"tag-main-news","17":"tag-mainnews","18":"tag-news","19":"tag-nyheter","20":"tag-rubriker","21":"tag-se","22":"tag-svenska","23":"tag-sverige","24":"tag-sweden","25":"tag-swedish","26":"tag-top-stories","27":"tag-topstories"},"share_on_mastodon":{"url":"https:\/\/pubeurope.com\/@se\/115899480355025288","error":""},"_links":{"self":[{"href":"https:\/\/www.europesays.com\/se\/wp-json\/wp\/v2\/posts\/137108","targetHints":{"allow":["GET"]}}],"collection":[{"href":"https:\/\/www.europesays.com\/se\/wp-json\/wp\/v2\/posts"}],"about":[{"href":"https:\/\/www.europesays.com\/se\/wp-json\/wp\/v2\/types\/post"}],"author":[{"embeddable":true,"href":"https:\/\/www.europesays.com\/se\/wp-json\/wp\/v2\/users\/2"}],"replies":[{"embeddable":true,"href":"https:\/\/www.europesays.com\/se\/wp-json\/wp\/v2\/comments?post=137108"}],"version-history":[{"count":0,"href":"https:\/\/www.europesays.com\/se\/wp-json\/wp\/v2\/posts\/137108\/revisions"}],"wp:featuredmedia":[{"embeddable":true,"href":"https:\/\/www.europesays.com\/se\/wp-json\/wp\/v2\/media\/137109"}],"wp:attachment":[{"href":"https:\/\/www.europesays.com\/se\/wp-json\/wp\/v2\/media?parent=137108"}],"wp:term":[{"taxonomy":"category","embeddable":true,"href":"https:\/\/www.europesays.com\/se\/wp-json\/wp\/v2\/categories?post=137108"},{"taxonomy":"post_tag","embeddable":true,"href":"https:\/\/www.europesays.com\/se\/wp-json\/wp\/v2\/tags?post=137108"}],"curies":[{"name":"wp","href":"https:\/\/api.w.org\/{rel}","templated":true}]}}