{"id":137114,"date":"2026-01-15T14:06:07","date_gmt":"2026-01-15T14:06:07","guid":{"rendered":"https:\/\/www.europesays.com\/se\/137114\/"},"modified":"2026-01-15T14:06:07","modified_gmt":"2026-01-15T14:06:07","slug":"affarsvarlden-ser-chans-till-extrautdelning-i-swedbank-efter-nedlagd-utredning","status":"publish","type":"post","link":"https:\/\/www.europesays.com\/se\/137114\/","title":{"rendered":"Aff\u00e4rsv\u00e4rlden ser chans till extrautdelning i Swedbank efter nedlagd utredning"},"content":{"rendered":"<p>&#13;<br \/>\n                        Aff\u00e4rsv\u00e4rldens analysavdelning har p\u00e5 sistone varit av uppfattningen att bankaktier b\u00f6rjar bli rimligt v\u00e4rderade och tidningen s\u00e4nkte sitt sista k\u00f6pr\u00e5d i sektorn i december.<\/p>\n<p>Aff\u00e4rsv\u00e4rlden bed\u00f6mer att det \u00e4r tydligt att Swedbank beh\u00e5llit extra kapital i balansr\u00e4kningen f\u00f6r att hantera en eventuell bot. \u00d6verskottet ber\u00e4knas grovt till 25 miljarder kronor, motsvarande 22 kronor per aktie, som m\u00f6jligen skulle kunna delas ut. <\/p>\n<p>&#8221;V\u00e5r \u00e5sikt om Swedbank och bankerna: V\u00e4rderingarna \u00e4r ganska rimliga, vinstutsikterna ganska svaga men utdelningsniv\u00e5erna goda&#8221;, skriver Aff\u00e4rsv\u00e4rlden som har Nordea i sin utdelningsportf\u00f6lj. <\/p>\n<p>Swedbank l\u00e4mnar sitt bokslut den 29 januari med styrelsens utdelningsf\u00f6rslag.&#13;\n                    <\/p>\n","protected":false},"excerpt":{"rendered":"&#13; Aff\u00e4rsv\u00e4rldens analysavdelning har p\u00e5 sistone varit av uppfattningen att bankaktier b\u00f6rjar bli rimligt v\u00e4rderade och tidningen s\u00e4nkte&hellip;\n","protected":false},"author":2,"featured_media":137115,"comment_status":"","ping_status":"","sticky":false,"template":"","format":"standard","meta":{"footnotes":""},"categories":[65],"tags":[72,70,71,454,453,451,452,34,31,33,32,30,455],"class_list":{"0":"post-137114","1":"post","2":"type-post","3":"status-publish","4":"format-standard","5":"has-post-thumbnail","7":"category-ekonomi","8":"tag-business","9":"tag-economy","10":"tag-ekonomi","11":"tag-ekonomisk-analys","12":"tag-finans","13":"tag-finansiella-nyheter","14":"tag-investera","15":"tag-se","16":"tag-svenska","17":"tag-sverige","18":"tag-sweden","19":"tag-swedish","20":"tag-trading"},"share_on_mastodon":{"url":"https:\/\/pubeurope.com\/@se\/115899503952762942","error":""},"_links":{"self":[{"href":"https:\/\/www.europesays.com\/se\/wp-json\/wp\/v2\/posts\/137114","targetHints":{"allow":["GET"]}}],"collection":[{"href":"https:\/\/www.europesays.com\/se\/wp-json\/wp\/v2\/posts"}],"about":[{"href":"https:\/\/www.europesays.com\/se\/wp-json\/wp\/v2\/types\/post"}],"author":[{"embeddable":true,"href":"https:\/\/www.europesays.com\/se\/wp-json\/wp\/v2\/users\/2"}],"replies":[{"embeddable":true,"href":"https:\/\/www.europesays.com\/se\/wp-json\/wp\/v2\/comments?post=137114"}],"version-history":[{"count":0,"href":"https:\/\/www.europesays.com\/se\/wp-json\/wp\/v2\/posts\/137114\/revisions"}],"wp:featuredmedia":[{"embeddable":true,"href":"https:\/\/www.europesays.com\/se\/wp-json\/wp\/v2\/media\/137115"}],"wp:attachment":[{"href":"https:\/\/www.europesays.com\/se\/wp-json\/wp\/v2\/media?parent=137114"}],"wp:term":[{"taxonomy":"category","embeddable":true,"href":"https:\/\/www.europesays.com\/se\/wp-json\/wp\/v2\/categories?post=137114"},{"taxonomy":"post_tag","embeddable":true,"href":"https:\/\/www.europesays.com\/se\/wp-json\/wp\/v2\/tags?post=137114"}],"curies":[{"name":"wp","href":"https:\/\/api.w.org\/{rel}","templated":true}]}}