{"id":137118,"date":"2026-01-15T14:08:10","date_gmt":"2026-01-15T14:08:10","guid":{"rendered":"https:\/\/www.europesays.com\/se\/137118\/"},"modified":"2026-01-15T14:08:10","modified_gmt":"2026-01-15T14:08:10","slug":"valsedelskommitten-foreslar-farre-valsedlar-och-tydligare-ansvar-for-sakrare-val","status":"publish","type":"post","link":"https:\/\/www.europesays.com\/se\/137118\/","title":{"rendered":"Valsedelskommitt\u00e9n f\u00f6resl\u00e5r f\u00e4rre valsedlar och tydligare ansvar f\u00f6r s\u00e4krare val"},"content":{"rendered":"<p>                &#13;<br \/>\n                    Pressmeddelande fr\u00e5n <a href=\"https:\/\/www.regeringen.se\/tx\/1287\" rel=\"nofollow noopener\" target=\"_blank\">Justitiedepartementet<\/a>&#13;<br \/>\n                    &#13;<br \/>\n                    &#13;<\/p>\n<p>&#13;<br \/>\n            Publicerad 15 januari 2026&#13;\n    <\/p>\n<p>&#13;<\/p>\n<p class=\"ingress has-wordExplanation\">&#13;<br \/>\nRegeringen har tagit emot Valsedelskommitt\u00e9ns delbet\u00e4nkande med f\u00f6rslag till reformer av det svenska valsedelsystemet. F\u00f6rslagen inneb\u00e4r bland annat att antalet valsedlar minskar, att valadministrationen ensam f\u00e5r ansvaret f\u00f6r distributionen och att krav inf\u00f6rs f\u00f6r partier som vill delta med kandidatvalsedlar. Syftet \u00e4r att skapa f\u00f6ruts\u00e4ttningar f\u00f6r ett robustare valsystem som \u00e4r b\u00e4ttre f\u00f6r v\u00e4ljarna, partierna och valadministrationen.<\/p>\n<p>Kommitt\u00e9n tillkallades f\u00f6r att utv\u00e4rdera och \u00f6verv\u00e4ga f\u00f6r\u00e4ndringar av valsedelsystemet. De f\u00f6rslag som nu l\u00e4mnas bed\u00f6ms ge valadministrationen b\u00e4ttre kontroll \u00f6ver valsedlarna, mer likv\u00e4rdiga villkor mellan partier och en enklare r\u00f6stning f\u00f6r v\u00e4ljarna.<\/p>\n<p>Delbet\u00e4nkandet inneh\u00e5ller \u00e4ven f\u00f6rslag som motverkar att retroaktiv folkbokf\u00f6ring anv\u00e4nds f\u00f6r att bli valbar efter valdagen. En kandidat ska endast f\u00e5 st\u00e4lla upp i val till fullm\u00e4ktige i en region och en kommun.<\/p>\n<p>Kommitt\u00e9n f\u00f6resl\u00e5r att de nya reglerna ska tr\u00e4da i kraft den 1 juli 2027 och kunna till\u00e4mpas f\u00f6rsta g\u00e5ngen inf\u00f6r och vid Europaparlamentsvalet 2029.\u00a0<\/p>\n","protected":false},"excerpt":{"rendered":"&#13; Pressmeddelande fr\u00e5n Justitiedepartementet&#13; &#13; &#13; &#13; Publicerad 15 januari 2026&#13; &#13; &#13; Regeringen har tagit emot Valsedelskommitt\u00e9ns&hellip;\n","protected":false},"author":2,"featured_media":134209,"comment_status":"","ping_status":"","sticky":false,"template":"","format":"standard","meta":{"footnotes":""},"categories":[12],"tags":[22,23,26,27,17,21,24,25,28,29,15,16,18,34,31,33,32,30,19,20],"class_list":{"0":"post-137118","1":"post","2":"type-post","3":"status-publish","4":"format-standard","5":"has-post-thumbnail","7":"category-sverige","8":"tag-breaking-news","9":"tag-breakingnews","10":"tag-featured-news","11":"tag-featurednews","12":"tag-headlines","13":"tag-huvudnyheter","14":"tag-latest-news","15":"tag-latestnews","16":"tag-main-news","17":"tag-mainnews","18":"tag-news","19":"tag-nyheter","20":"tag-rubriker","21":"tag-se","22":"tag-svenska","23":"tag-sverige","24":"tag-sweden","25":"tag-swedish","26":"tag-top-stories","27":"tag-topstories"},"share_on_mastodon":{"url":"https:\/\/pubeurope.com\/@se\/115899512005156335","error":""},"_links":{"self":[{"href":"https:\/\/www.europesays.com\/se\/wp-json\/wp\/v2\/posts\/137118","targetHints":{"allow":["GET"]}}],"collection":[{"href":"https:\/\/www.europesays.com\/se\/wp-json\/wp\/v2\/posts"}],"about":[{"href":"https:\/\/www.europesays.com\/se\/wp-json\/wp\/v2\/types\/post"}],"author":[{"embeddable":true,"href":"https:\/\/www.europesays.com\/se\/wp-json\/wp\/v2\/users\/2"}],"replies":[{"embeddable":true,"href":"https:\/\/www.europesays.com\/se\/wp-json\/wp\/v2\/comments?post=137118"}],"version-history":[{"count":0,"href":"https:\/\/www.europesays.com\/se\/wp-json\/wp\/v2\/posts\/137118\/revisions"}],"wp:featuredmedia":[{"embeddable":true,"href":"https:\/\/www.europesays.com\/se\/wp-json\/wp\/v2\/media\/134209"}],"wp:attachment":[{"href":"https:\/\/www.europesays.com\/se\/wp-json\/wp\/v2\/media?parent=137118"}],"wp:term":[{"taxonomy":"category","embeddable":true,"href":"https:\/\/www.europesays.com\/se\/wp-json\/wp\/v2\/categories?post=137118"},{"taxonomy":"post_tag","embeddable":true,"href":"https:\/\/www.europesays.com\/se\/wp-json\/wp\/v2\/tags?post=137118"}],"curies":[{"name":"wp","href":"https:\/\/api.w.org\/{rel}","templated":true}]}}