{"id":137123,"date":"2026-01-15T14:14:06","date_gmt":"2026-01-15T14:14:06","guid":{"rendered":"https:\/\/www.europesays.com\/se\/137123\/"},"modified":"2026-01-15T14:14:06","modified_gmt":"2026-01-15T14:14:06","slug":"affarsvarlden-lamnar-ett-neutralt-rad-for-norska-kid","status":"publish","type":"post","link":"https:\/\/www.europesays.com\/se\/137123\/","title":{"rendered":"Aff\u00e4rsv\u00e4rlden l\u00e4mnar ett neutralt r\u00e5d f\u00f6r norska Kid"},"content":{"rendered":"<p>&#13;<br \/>\n                        Kid \u00e4r i Sverige k\u00e4nda som \u00e4gare av Hemtex. Koncernen har stark historik av l\u00f6nsamhet och brukar ge h\u00f6g utdelning. Ifjol tog dock vinsten stryk. Det tycks fr\u00e4mst bero p\u00e5 tempor\u00e4ra problem, bed\u00f6mer tidningen.  <\/p>\n<p>V\u00e4rderingen \u00e4r inte anstr\u00e4ngd, men aktien sticker heller inte ut som tydligt underv\u00e4rderad, anser analyshuset. <\/p>\n<p>&#8221;Vi tycker Kid \u00e4r intressant och en aktie att ha p\u00e5 bevakning. H\u00e4r och nu f\u00f6ljer vi dock utvecklingen med ett neutralt r\u00e5d&#8221;, skriver Aff\u00e4rsv\u00e4rlden.&#13;\n                    <\/p>\n","protected":false},"excerpt":{"rendered":"&#13; Kid \u00e4r i Sverige k\u00e4nda som \u00e4gare av Hemtex. Koncernen har stark historik av l\u00f6nsamhet och brukar&hellip;\n","protected":false},"author":2,"featured_media":137124,"comment_status":"","ping_status":"","sticky":false,"template":"","format":"standard","meta":{"footnotes":""},"categories":[65],"tags":[72,70,71,454,453,451,452,34,31,33,32,30,455],"class_list":{"0":"post-137123","1":"post","2":"type-post","3":"status-publish","4":"format-standard","5":"has-post-thumbnail","7":"category-ekonomi","8":"tag-business","9":"tag-economy","10":"tag-ekonomi","11":"tag-ekonomisk-analys","12":"tag-finans","13":"tag-finansiella-nyheter","14":"tag-investera","15":"tag-se","16":"tag-svenska","17":"tag-sverige","18":"tag-sweden","19":"tag-swedish","20":"tag-trading"},"share_on_mastodon":{"url":"https:\/\/pubeurope.com\/@se\/115899535439024994","error":""},"_links":{"self":[{"href":"https:\/\/www.europesays.com\/se\/wp-json\/wp\/v2\/posts\/137123","targetHints":{"allow":["GET"]}}],"collection":[{"href":"https:\/\/www.europesays.com\/se\/wp-json\/wp\/v2\/posts"}],"about":[{"href":"https:\/\/www.europesays.com\/se\/wp-json\/wp\/v2\/types\/post"}],"author":[{"embeddable":true,"href":"https:\/\/www.europesays.com\/se\/wp-json\/wp\/v2\/users\/2"}],"replies":[{"embeddable":true,"href":"https:\/\/www.europesays.com\/se\/wp-json\/wp\/v2\/comments?post=137123"}],"version-history":[{"count":0,"href":"https:\/\/www.europesays.com\/se\/wp-json\/wp\/v2\/posts\/137123\/revisions"}],"wp:featuredmedia":[{"embeddable":true,"href":"https:\/\/www.europesays.com\/se\/wp-json\/wp\/v2\/media\/137124"}],"wp:attachment":[{"href":"https:\/\/www.europesays.com\/se\/wp-json\/wp\/v2\/media?parent=137123"}],"wp:term":[{"taxonomy":"category","embeddable":true,"href":"https:\/\/www.europesays.com\/se\/wp-json\/wp\/v2\/categories?post=137123"},{"taxonomy":"post_tag","embeddable":true,"href":"https:\/\/www.europesays.com\/se\/wp-json\/wp\/v2\/tags?post=137123"}],"curies":[{"name":"wp","href":"https:\/\/api.w.org\/{rel}","templated":true}]}}