{"id":137127,"date":"2026-01-15T14:16:10","date_gmt":"2026-01-15T14:16:10","guid":{"rendered":"https:\/\/www.europesays.com\/se\/137127\/"},"modified":"2026-01-15T14:16:10","modified_gmt":"2026-01-15T14:16:10","slug":"skarpt-lage-for-skarpta-id-regler-pa-byggen","status":"publish","type":"post","link":"https:\/\/www.europesays.com\/se\/137127\/","title":{"rendered":"Skarpt l\u00e4ge f\u00f6r sk\u00e4rpta id-regler p\u00e5 byggen"},"content":{"rendered":"<p>Den 18 januari b\u00f6rjar nya regler f\u00f6r identifiering av personal p\u00e5 byggarbetsplatser att g\u00e4lla. D\u00e5 m\u00e5ste den som best\u00e4ller ID06-kort legitimera sig med pass eller nationellt id-kort som godk\u00e4nns som resehandling inom EU\/EES.<\/p>\n<p>Syftet \u00e4r att st\u00e4rka s\u00e4kerheten.<\/p>\n<p>\u2013 Det \u00e4r mycket bra f\u00f6r arbetet mot fusk och kriminalitet i byggandet. Det \u00e4r en stor trygghet att kunna veta vem man har framf\u00f6r sig p\u00e5 bygget, s\u00e4ger Sofia Hansdotter, fastighetsutvecklingsexpert p\u00e5 Sveriges Allm\u00e4nnytta.<\/p>\n<p>De nya id-korten ska \u00e4ven verifiera medborgarskap \u2013 och g\u00f6ra det sv\u00e5rare f\u00f6r den som inte har r\u00e4tt att arbeta i Sverige.<\/p>\n<p>Bakom f\u00f6r\u00e4ndringen st\u00e5r ID06 och bolagets elva \u00e4garorganisationer, d\u00e4ribland Sveriges Allm\u00e4nnytta.<\/p>\n<p>Informationsfilmer<\/p>\n<p>ID06 har inf\u00f6r inf\u00f6randet av de nya reglerna tagit fram en informationsfilm, som \u00e4r drygt 10 minuter l\u00e5ng:<\/p>\n<p>Filmen finns p\u00e5 Youtube \u00e4ven i <a href=\"https:\/\/www.youtube.com\/watch?v=0E1GcuwOV_A\" rel=\"nofollow noopener\" target=\"_blank\">engelsk version<\/a>.<\/p>\n<p>Plansch och webbinarium<\/p>\n<p>Den 21 januari h\u00e5lls ett kostnadsfritt webbinarium d\u00e4r ID06 ber\u00e4ttar vad f\u00f6r\u00e4ndringen inneb\u00e4r i praktiken, hur processen kommer att se ut och vad arbetsgivare beh\u00f6ver g\u00f6ra f\u00f6r att medarbetarna ska kunna f\u00e5 ut ett ID06-kort (l\u00e4nk f\u00f6r anm\u00e4lan nedan).<\/p>\n<p>F\u00f6r att informera om de nya reglerna finns \u00e4ven en informationsplansch som kan s\u00e4ttas upp p\u00e5 byggarbetsplatser och kontor. Den kan laddas ned via l\u00e4nk nedan, f\u00f6r egen utskrift eller att best\u00e4lla fr\u00e5n lokalt tryckeri, om f\u00f6retaget vill ha en stadigare skylt.<\/p>\n<p>D\u00e4rf\u00f6r \u00e4ndras reglerna<\/p>\n<p>ID06 listar tre sk\u00e4l till att reglerna \u00e4ndras:<\/p>\n<ul>\n<li>Medborgarskapet avg\u00f6r vilken regel som g\u00e4ller f\u00f6r r\u00e4tten att arbeta i Sverige. D\u00e4rf\u00f6r f\u00e5r ett ID06-kort en giltighetstid som motsvarar r\u00e4tten att arbeta i Sverige.<\/li>\n<li>Mer enhetliga regler f\u00f6r alla branscher \u2013 eftersom ID06 anv\u00e4nds i flera branscher b\u00f6r reglerna vara enhetliga och robusta f\u00f6r att skapa trygghet och f\u00f6ruts\u00e4gbarhet f\u00f6r f\u00f6retag och arbetstagare.<\/li>\n<li>F\u00f6rb\u00e4ttrad kontroll och sp\u00e5rbarhet \u2013 med tydligare identifiering kan myndigheter och branschakt\u00f6rer rikta kontroller mer effektivt och uppt\u00e4cka oegentligheter tidigare.<\/li>\n<\/ul>\n<p>ID06 kommer inom kort g\u00e5 ut med information om hur kortinnehavaren g\u00f6r f\u00f6r att validera sin kortbest\u00e4llning.<\/p>\n<p>700 000 ID06-kort i Sverige<\/p>\n<p>ID06 startades 2006 f\u00f6r att f\u00e5 s\u00e4krare byggarbetsplatser, bland annat genom id-kort som ska b\u00e4ras av alla som arbetar p\u00e5 bygget. I dag \u00e4r det ett stort och utbrett system i Sverige med runt 700 000 giltiga kort med kortinnehavare fr\u00e5n runt 130 olika l\u00e4nder \u2013 och \u00f6ver 1 500 nya kort best\u00e4lls varje dag.<\/p>\n<p>Sveriges Allm\u00e4nnytta: Alla m\u00e5ste ha ID-kort<\/p>\n<p>I Sveriges Allm\u00e4nnyttas nya v\u00e4gledning f\u00f6r brottsfria byggen rekommenderas tvingande avtalsformuleringar om att b\u00e5de entrepren\u00f6rer och underentrepren\u00f6rer m\u00e5ste ha giltigt ID06-kort (eller motsvarande) f\u00f6r att f\u00e5 vistas p\u00e5 byggarbetsplatsen (se nedan).<\/p>\n","protected":false},"excerpt":{"rendered":"Den 18 januari b\u00f6rjar nya regler f\u00f6r identifiering av personal p\u00e5 byggarbetsplatser att g\u00e4lla. D\u00e5 m\u00e5ste den som&hellip;\n","protected":false},"author":2,"featured_media":137128,"comment_status":"","ping_status":"","sticky":false,"template":"","format":"standard","meta":{"footnotes":""},"categories":[12],"tags":[22,23,26,27,17,21,24,25,28,29,15,16,18,34,31,33,32,30,19,20],"class_list":{"0":"post-137127","1":"post","2":"type-post","3":"status-publish","4":"format-standard","5":"has-post-thumbnail","7":"category-sverige","8":"tag-breaking-news","9":"tag-breakingnews","10":"tag-featured-news","11":"tag-featurednews","12":"tag-headlines","13":"tag-huvudnyheter","14":"tag-latest-news","15":"tag-latestnews","16":"tag-main-news","17":"tag-mainnews","18":"tag-news","19":"tag-nyheter","20":"tag-rubriker","21":"tag-se","22":"tag-svenska","23":"tag-sverige","24":"tag-sweden","25":"tag-swedish","26":"tag-top-stories","27":"tag-topstories"},"share_on_mastodon":{"url":"https:\/\/pubeurope.com\/@se\/115899543300601337","error":""},"_links":{"self":[{"href":"https:\/\/www.europesays.com\/se\/wp-json\/wp\/v2\/posts\/137127","targetHints":{"allow":["GET"]}}],"collection":[{"href":"https:\/\/www.europesays.com\/se\/wp-json\/wp\/v2\/posts"}],"about":[{"href":"https:\/\/www.europesays.com\/se\/wp-json\/wp\/v2\/types\/post"}],"author":[{"embeddable":true,"href":"https:\/\/www.europesays.com\/se\/wp-json\/wp\/v2\/users\/2"}],"replies":[{"embeddable":true,"href":"https:\/\/www.europesays.com\/se\/wp-json\/wp\/v2\/comments?post=137127"}],"version-history":[{"count":0,"href":"https:\/\/www.europesays.com\/se\/wp-json\/wp\/v2\/posts\/137127\/revisions"}],"wp:featuredmedia":[{"embeddable":true,"href":"https:\/\/www.europesays.com\/se\/wp-json\/wp\/v2\/media\/137128"}],"wp:attachment":[{"href":"https:\/\/www.europesays.com\/se\/wp-json\/wp\/v2\/media?parent=137127"}],"wp:term":[{"taxonomy":"category","embeddable":true,"href":"https:\/\/www.europesays.com\/se\/wp-json\/wp\/v2\/categories?post=137127"},{"taxonomy":"post_tag","embeddable":true,"href":"https:\/\/www.europesays.com\/se\/wp-json\/wp\/v2\/tags?post=137127"}],"curies":[{"name":"wp","href":"https:\/\/api.w.org\/{rel}","templated":true}]}}