{"id":137143,"date":"2026-01-15T14:30:12","date_gmt":"2026-01-15T14:30:12","guid":{"rendered":"https:\/\/www.europesays.com\/se\/137143\/"},"modified":"2026-01-15T14:30:12","modified_gmt":"2026-01-15T14:30:12","slug":"bunge-gott-utgangslage-i-en-foranderlig-varld","status":"publish","type":"post","link":"https:\/\/www.europesays.com\/se\/137143\/","title":{"rendered":"Bunge: Gott utg\u00e5ngsl\u00e4ge i en f\u00f6r\u00e4nderlig v\u00e4rld"},"content":{"rendered":"<p>&#13;<br \/>\n\t\t\t\t\t\tPresentation&#13;<br \/>\n\t\t\t\t\t\u201d2025 var ett h\u00e4ndelserikt \u00e5r, inte minst till f\u00f6ljd av den geopolitiska turbulensen och den pl\u00f6tsliga oml\u00e4ggningen av den amerikanska utrikes- och handelspolitiken. S\u00e5 h\u00e4r i b\u00f6rjan p\u00e5 2026 kan vi konstatera att svensk ekonomi trots allt befinner sig i ett gott utg\u00e5ngsl\u00e4ge. Inflationen har n\u00e4rmat sig m\u00e5let och realekonomin har b\u00f6rjat \u00e5terh\u00e4mta sig.\u201d Det sa f\u00f6rste vice riksbankschef Aino Bunge n\u00e4r hon idag talade hos Kommunalekonomernas f\u00f6renings ekonomichefsdagar. &#13;\n\t\t\t\t<\/p>\n<p>Datum: 2026-01-15 15:00<\/p>\n<p>Talare: F\u00f6rste vice riksbankschef Aino Bunge<\/p>\n<p>Plats: Kommunalekonomernas f\u00f6rening, Stockholm<\/p>\n<p>\t\t\t&#13;<br \/>\n\t\t\t\t\t&#13;<br \/>\n\t\t\t\t\t&#13;<br \/>\n\t\t\t\t\t<img decoding=\"async\" src=\"https:\/\/www.europesays.com\/se\/wp-content\/uploads\/2026\/01\/Aino_Bunge_1200x630.jpg\" loading=\"lazy\" width=\"737\" height=\"491\" alt=\"Aino Bunge\" data-description=\"F\u00f6rste vice riksbankschef, Aino Bunge\"\/>&#13;<\/p>\n<p>F\u00f6rste vice riksbankschef, Aino Bunge<\/p>\n<p>\u201dV\u00e5r bed\u00f6mning \u00e4r att en styrr\u00e4nta p\u00e5 1,75 procent ger fortsatt st\u00f6d till konjunkturen och bidrar till att vi f\u00e5r en inflation n\u00e4ra m\u00e5let \u00e4ven p\u00e5 sikt. D\u00e4rf\u00f6r l\u00e4mnade vi r\u00e4ntan of\u00f6r\u00e4ndrad vid v\u00e5rt senaste r\u00e4ntem\u00f6te i slutet av december.\u201d<\/p>\n<p>Sedan dess har inflationen enligt det senaste utfallet blivit n\u00e5got l\u00e4gre \u00e4n f\u00f6rv\u00e4ntat. Samtidigt har st\u00e5r det klart att konjunkturen forts\u00e4tter att st\u00e4rkas.<\/p>\n<p>\u201dUtg\u00e5ngsl\u00e4get ser bra ut. Men vi m\u00e5ste forts\u00e4tta vara fram\u00e5tblickande i penningpolitiken. Inflationen v\u00e4ntas till exempel sjunka ganska tydligt i \u00e5r, bland annat till f\u00f6ljd av den tillf\u00e4lligt s\u00e4nkta matmomsen. En s\u00e5dan tillf\u00e4llig effekt b\u00f6r vi dock se igenom i penningpolitiken och fokusera p\u00e5 det underliggande inflationstrycket f\u00f6r att hamna vid inflationsm\u00e5let \u00e4ven p\u00e5 sikt.\u201d.<\/p>\n<p>Bunge konstaterade att vi redan nu ser att \u00e4ven 2026 verkar bli ett h\u00e4ndelserikt \u00e5r och lyfte i sin presentation ett antal fr\u00e5gor som kan komma att p\u00e5verka utvecklingen. Hon pekade bland annat p\u00e5 det fortsatt mycket sp\u00e4nda geopolitiska l\u00e4get och hur finansieringen av \u00f6kade f\u00f6rsvarsutgifter hanteras p\u00e5 olika h\u00e5ll i v\u00e4rlden, de h\u00f6ga aktiev\u00e4rderingar som finns av AI-bolag samt f\u00f6r kommunernas del de demografiska utmaningar som f\u00f6ljer av ett l\u00e4gre barnaf\u00f6dande och en \u00e5ldrande befolkning.<\/p>\n<p>\u201dV\u00e5r senaste prognos \u00e4r att styrr\u00e4ntan ligger kvar p\u00e5 nuvarande niv\u00e5 en tid fram\u00f6ver, men osvuret \u00e4r b\u00e4st i en f\u00f6r\u00e4nderlig v\u00e4rld.\u201d<\/p>\n<p>\u00a0<\/p>\n","protected":false},"excerpt":{"rendered":"&#13; Presentation&#13; \u201d2025 var ett h\u00e4ndelserikt \u00e5r, inte minst till f\u00f6ljd av den geopolitiska turbulensen och den pl\u00f6tsliga&hellip;\n","protected":false},"author":2,"featured_media":55445,"comment_status":"","ping_status":"","sticky":false,"template":"","format":"standard","meta":{"footnotes":""},"categories":[65],"tags":[72,70,71,34,31,33,32,30],"class_list":{"0":"post-137143","1":"post","2":"type-post","3":"status-publish","4":"format-standard","5":"has-post-thumbnail","7":"category-ekonomi","8":"tag-business","9":"tag-economy","10":"tag-ekonomi","11":"tag-se","12":"tag-svenska","13":"tag-sverige","14":"tag-sweden","15":"tag-swedish"},"share_on_mastodon":{"url":"https:\/\/pubeurope.com\/@se\/115899598292088191","error":""},"_links":{"self":[{"href":"https:\/\/www.europesays.com\/se\/wp-json\/wp\/v2\/posts\/137143","targetHints":{"allow":["GET"]}}],"collection":[{"href":"https:\/\/www.europesays.com\/se\/wp-json\/wp\/v2\/posts"}],"about":[{"href":"https:\/\/www.europesays.com\/se\/wp-json\/wp\/v2\/types\/post"}],"author":[{"embeddable":true,"href":"https:\/\/www.europesays.com\/se\/wp-json\/wp\/v2\/users\/2"}],"replies":[{"embeddable":true,"href":"https:\/\/www.europesays.com\/se\/wp-json\/wp\/v2\/comments?post=137143"}],"version-history":[{"count":0,"href":"https:\/\/www.europesays.com\/se\/wp-json\/wp\/v2\/posts\/137143\/revisions"}],"wp:featuredmedia":[{"embeddable":true,"href":"https:\/\/www.europesays.com\/se\/wp-json\/wp\/v2\/media\/55445"}],"wp:attachment":[{"href":"https:\/\/www.europesays.com\/se\/wp-json\/wp\/v2\/media?parent=137143"}],"wp:term":[{"taxonomy":"category","embeddable":true,"href":"https:\/\/www.europesays.com\/se\/wp-json\/wp\/v2\/categories?post=137143"},{"taxonomy":"post_tag","embeddable":true,"href":"https:\/\/www.europesays.com\/se\/wp-json\/wp\/v2\/tags?post=137143"}],"curies":[{"name":"wp","href":"https:\/\/api.w.org\/{rel}","templated":true}]}}