{"id":137159,"date":"2026-01-15T14:48:07","date_gmt":"2026-01-15T14:48:07","guid":{"rendered":"https:\/\/www.europesays.com\/se\/137159\/"},"modified":"2026-01-15T14:48:07","modified_gmt":"2026-01-15T14:48:07","slug":"forsvarsadvokaten-brister-i-valldautredningen-svt-nyheter","status":"publish","type":"post","link":"https:\/\/www.europesays.com\/se\/137159\/","title":{"rendered":"F\u00f6rsvarsadvokaten: Brister i Valldautredningen &#8211; SVT Nyheter"},"content":{"rendered":"<ol>\n<li><a href=\"https:\/\/news.google.com\/rss\/articles\/CBMikAFBVV95cUxNUUwtQmZfZHhwR29TQ29tVVZoaFkyZlRxclZ1WUZOUTgwQWpLU01pQjFCSWU1QnNQMFpiWC1vUjVWN3hiZG40R1ZjVzJBbWJPYmZzUkE5U1hGdEQ1ZkZXNnNMUE83S09uTDFHN19sd3BrR3dDTWMyYkowdXdCRXRYaFpVeFFMTkYzck9wa0Q5VjQ?oc=5\" target=\"_blank\" rel=\"nofollow noopener\">F\u00f6rsvarsadvokaten: Brister i Valldautredningen<\/a>&nbsp;&nbsp;SVT Nyheter<\/li>\n<li><a href=\"https:\/\/news.google.com\/rss\/articles\/CBMiqwFBVV95cUxNWnB0MDUyczlfT2tHVW96V0J6Z29uTGhLLVRPeTZZVVM4UENPeWQ1eFQ1cExvV016ckFGdFZsYTdpU1dmc0NEMGZ3TXZyVXNITEtsdWJTYUN2V3ZtWWVFR01XTHdUV0xsVl9VV01fdG1OMEdFdkJIc1I4bUN1Y1I2ZkppdUhackYtS1h6UGJvQXp6eUk4UG1LN2FGQ0V0dUJOTC1mbTA3OGdjSXM?oc=5\" target=\"_blank\" rel=\"nofollow noopener\">Tv\u00e5 personer dog i olyckan i Vallda \u2013 f\u00f6raren kan ha k\u00f6rt i 162 km\/h<\/a>&nbsp;&nbsp;SVT Nyheter<\/li>\n<li><a href=\"https:\/\/news.google.com\/rss\/articles\/CBMiqAFBVV95cUxQLW1jVGdSQXdCOXZfMU80OWVuSVBOUDJnUjM2eXRXdjVEY0Z4OEp1UGhQZFZkajFoNllkSEx6VGtCUzc5cHZLaC1WSUtYZVBZTURldFlpNEFjTVFQQUNaNTR3NEdWdnZWOVRORExack0tTVBTYkNwa0RZOWlad0ZtWVV0dXBncjJmNmRuVkNiRE84NHRyQU9JeFpxSUZFSjZpRzJLUWpsTVY?oc=5\" target=\"_blank\" rel=\"nofollow noopener\">\u00c5klagaren vill ha 2,5 \u00e5rs f\u00e4ngelse f\u00f6r Valldaolyckan<\/a>&nbsp;&nbsp;Sveriges Radio<\/li>\n<li><a href=\"https:\/\/news.google.com\/rss\/articles\/CBMixgFBVV95cUxPVlNlQ2FpZzNnSm5lckZLeVViU0JYMTJLdm9Ib25rY3BFZnFGZWtoaXZDazR6NklZelBnWGZQdHM1dVdkWnBHQ3hjNFNudFdsVFVqeGVYWDNxMWU1Z0oxSWJaczZIYWdOTEN4aXJySTJjSG5VNGl2N0Z4VVY2UjFoV2pvS1JGa1Q1dHdHY3Y2ZFNhZ2NXNzJIVzJfQlhvdkZmMFF1Tk1EWEdGQlB0STF4SURYSW9NRGFaM0JhVTlYSkM5bDJTd2c?oc=5\" target=\"_blank\" rel=\"nofollow noopener\">F\u00f6rarens ord i r\u00e4tten: \u201dJag k\u00f6rde som jag alltid g\u00f6r\u201d<\/a>&nbsp;&nbsp;Kungsbacka-Posten<\/li>\n<li><a href=\"https:\/\/news.google.com\/rss\/articles\/CBMilgFBVV95cUxQU2s1aEJCSEgwVGIyakYtd1RPMXpCNHgtUml2azJScERpYzdJMF9WSzNKQWcwU1ZFbDhrdE1HeG5NeFB5dHJTUzBTTEpZWktyRzQ0S2dlRkdJNUM3SG4zTHg2MEwydmtWT2VRU0VMSFI2Y0I1NWYzM3Q4SWJhZndmdlk0dk9zcVBRZFNkd05RLXVCX1Vsd3c?oc=5\" target=\"_blank\" rel=\"nofollow noopener\">R\u00e4tteg\u00e5ngen efter d\u00f6dsolyckan i Vallda utanf\u00f6r Kungsbacka har startat<\/a>&nbsp;&nbsp;SVT Nyheter<\/li>\n<\/ol>\n","protected":false},"excerpt":{"rendered":"F\u00f6rsvarsadvokaten: Brister i Valldautredningen&nbsp;&nbsp;SVT Nyheter Tv\u00e5 personer dog i olyckan i Vallda \u2013 f\u00f6raren kan ha k\u00f6rt i&hellip;\n","protected":false},"author":2,"featured_media":137160,"comment_status":"","ping_status":"","sticky":false,"template":"","format":"standard","meta":{"footnotes":""},"categories":[12],"tags":[22,23,26,27,17,21,24,25,28,29,15,16,18,34,31,33,32,30,19,20],"class_list":{"0":"post-137159","1":"post","2":"type-post","3":"status-publish","4":"format-standard","5":"has-post-thumbnail","7":"category-sverige","8":"tag-breaking-news","9":"tag-breakingnews","10":"tag-featured-news","11":"tag-featurednews","12":"tag-headlines","13":"tag-huvudnyheter","14":"tag-latest-news","15":"tag-latestnews","16":"tag-main-news","17":"tag-mainnews","18":"tag-news","19":"tag-nyheter","20":"tag-rubriker","21":"tag-se","22":"tag-svenska","23":"tag-sverige","24":"tag-sweden","25":"tag-swedish","26":"tag-top-stories","27":"tag-topstories"},"share_on_mastodon":{"url":"https:\/\/pubeurope.com\/@se\/115899669068861822","error":""},"_links":{"self":[{"href":"https:\/\/www.europesays.com\/se\/wp-json\/wp\/v2\/posts\/137159","targetHints":{"allow":["GET"]}}],"collection":[{"href":"https:\/\/www.europesays.com\/se\/wp-json\/wp\/v2\/posts"}],"about":[{"href":"https:\/\/www.europesays.com\/se\/wp-json\/wp\/v2\/types\/post"}],"author":[{"embeddable":true,"href":"https:\/\/www.europesays.com\/se\/wp-json\/wp\/v2\/users\/2"}],"replies":[{"embeddable":true,"href":"https:\/\/www.europesays.com\/se\/wp-json\/wp\/v2\/comments?post=137159"}],"version-history":[{"count":0,"href":"https:\/\/www.europesays.com\/se\/wp-json\/wp\/v2\/posts\/137159\/revisions"}],"wp:featuredmedia":[{"embeddable":true,"href":"https:\/\/www.europesays.com\/se\/wp-json\/wp\/v2\/media\/137160"}],"wp:attachment":[{"href":"https:\/\/www.europesays.com\/se\/wp-json\/wp\/v2\/media?parent=137159"}],"wp:term":[{"taxonomy":"category","embeddable":true,"href":"https:\/\/www.europesays.com\/se\/wp-json\/wp\/v2\/categories?post=137159"},{"taxonomy":"post_tag","embeddable":true,"href":"https:\/\/www.europesays.com\/se\/wp-json\/wp\/v2\/tags?post=137159"}],"curies":[{"name":"wp","href":"https:\/\/api.w.org\/{rel}","templated":true}]}}