{"id":137187,"date":"2026-01-15T15:08:19","date_gmt":"2026-01-15T15:08:19","guid":{"rendered":"https:\/\/www.europesays.com\/se\/137187\/"},"modified":"2026-01-15T15:08:19","modified_gmt":"2026-01-15T15:08:19","slug":"han-kommer-spela-kratos-i-amazons-nya-god-of-war-serie","status":"publish","type":"post","link":"https:\/\/www.europesays.com\/se\/137187\/","title":{"rendered":"Han kommer spela Kratos i Amazons nya God of War-serie"},"content":{"rendered":"<p class=\"p1\">Det \u00e4r nu officiellt. <strong>Ryan Hurst<\/strong> tar \u00f6ver rollen som <strong>Kratos<\/strong> i Amazons och Sonys kommande <strong>God of War-serie<\/strong>\u00a0p\u00e5 Prime Video. Ett val som redan f\u00e5r b\u00e5de gaming- och tv-v\u00e4rlden att reagera, och som samtidigt k\u00e4nns som en perfekt cirkel. Hurst \u00e4r n\u00e4mligen redan en del av God of War-universumet efter sin hyllade insats som Thor i God of War Ragnar\u00f6k (2022). Nu kliver han in i rollen som den legendariska Ghost of Sparta.<\/p>\n<p class=\"p1\">Att Hurst fick rollen inneb\u00e4r att han gick f\u00f6re namn som Christopher Judge (r\u00f6sten bakom Kratos i spelen) och Jason Momoa, som l\u00e4nge varit ett fan-favoritval. Men sett till Hurst\u2019s historik \u00e4r valet logiskt. Hans roller som Opie i Sons of Anarchy och Beta i The Walking Dead har gjort honom k\u00e4nd f\u00f6r att spela karakt\u00e4rer som b\u00e4r b\u00e5de fysisk tyngd och emotionellt m\u00f6rker, exakt det som kr\u00e4vs f\u00f6r att g\u00f6ra Kratos r\u00e4ttvisa.<\/p>\n<p class=\"p1\">Serien kommer att bygga p\u00e5 God of War (2018), spelet som rebootade franchisen och tog Kratos till den nordiska mytologin. I fokus st\u00e5r relationen mellan Kratos och hans son Atreus,\u00a0en ber\u00e4ttelse om skuld, ansvar, v\u00e5ld och f\u00f6rs\u00f6k till f\u00f6rsoning. Det \u00e4r mindre kaos, mer k\u00e4nslor. Mindre rage, mer reflektion. Och det \u00e4r h\u00e4r Hurst f\u00f6rv\u00e4ntas gl\u00e4nsa.<\/p>\n<p class=\"p1\">Bakom projektet st\u00e5r Ronald D. Moore som showrunner, k\u00e4nd f\u00f6r sitt arbete med bland annat Battlestar Galactica. Regin hanteras av Frederick E.O. Toye, som tidigare jobbat med The Boys, och Cory Barlog, kreativa hj\u00e4rnan bakom spelen, \u00e4r med som exekutiv producent.<\/p>\n<p class=\"p1\">Produktionen \u00e4r redan ig\u00e5ng i Vancouver, och Amazon har s\u00e4krat tv\u00e5 s\u00e4songer fr\u00e5n start. Rollen som Atreus \u00e4r \u00e4nnu inte castad, men med Kratos nu p\u00e5 plats b\u00f6rjar pusslet falla ihop.<\/p>\n<p class=\"p1\">Att v\u00e4lja Ryan Hurst signalerar en tydlig riktning: det h\u00e4r ska vara r\u00e5tt, m\u00f6rkt och karakt\u00e4rsdrivet. Inte bara fan service, utan riktig drama-tv. F\u00f6r fansen av spelen \u00e4r det h\u00e4r ett stort \u00f6gonblick. F\u00f6r fansen av bra tv? \u00c4nnu st\u00f6rre.<\/p>\n","protected":false},"excerpt":{"rendered":"Det \u00e4r nu officiellt. Ryan Hurst tar \u00f6ver rollen som Kratos i Amazons och Sonys kommande God of&hellip;\n","protected":false},"author":2,"featured_media":137188,"comment_status":"","ping_status":"","sticky":false,"template":"","format":"standard","meta":{"footnotes":""},"categories":[67],"tags":[104,11060,13792,34,1268,31,33,32,30,105],"class_list":{"0":"post-137187","1":"post","2":"type-post","3":"status-publish","4":"format-standard","5":"has-post-thumbnail","7":"category-underhallning","8":"tag-entertainment","9":"tag-god-of-war","10":"tag-prime-video","11":"tag-se","12":"tag-sony","13":"tag-svenska","14":"tag-sverige","15":"tag-sweden","16":"tag-swedish","17":"tag-underhallning"},"share_on_mastodon":{"url":"https:\/\/pubeurope.com\/@se\/115899747711951078","error":""},"_links":{"self":[{"href":"https:\/\/www.europesays.com\/se\/wp-json\/wp\/v2\/posts\/137187","targetHints":{"allow":["GET"]}}],"collection":[{"href":"https:\/\/www.europesays.com\/se\/wp-json\/wp\/v2\/posts"}],"about":[{"href":"https:\/\/www.europesays.com\/se\/wp-json\/wp\/v2\/types\/post"}],"author":[{"embeddable":true,"href":"https:\/\/www.europesays.com\/se\/wp-json\/wp\/v2\/users\/2"}],"replies":[{"embeddable":true,"href":"https:\/\/www.europesays.com\/se\/wp-json\/wp\/v2\/comments?post=137187"}],"version-history":[{"count":0,"href":"https:\/\/www.europesays.com\/se\/wp-json\/wp\/v2\/posts\/137187\/revisions"}],"wp:featuredmedia":[{"embeddable":true,"href":"https:\/\/www.europesays.com\/se\/wp-json\/wp\/v2\/media\/137188"}],"wp:attachment":[{"href":"https:\/\/www.europesays.com\/se\/wp-json\/wp\/v2\/media?parent=137187"}],"wp:term":[{"taxonomy":"category","embeddable":true,"href":"https:\/\/www.europesays.com\/se\/wp-json\/wp\/v2\/categories?post=137187"},{"taxonomy":"post_tag","embeddable":true,"href":"https:\/\/www.europesays.com\/se\/wp-json\/wp\/v2\/tags?post=137187"}],"curies":[{"name":"wp","href":"https:\/\/api.w.org\/{rel}","templated":true}]}}