{"id":137190,"date":"2026-01-15T15:11:17","date_gmt":"2026-01-15T15:11:17","guid":{"rendered":"https:\/\/www.europesays.com\/se\/137190\/"},"modified":"2026-01-15T15:11:17","modified_gmt":"2026-01-15T15:11:17","slug":"iran-tycks-pausa-avrattningar-inga-planer","status":"publish","type":"post","link":"https:\/\/www.europesays.com\/se\/137190\/","title":{"rendered":"Iran tycks pausa avr\u00e4ttningar \u2013 \u201dinga planer\u201d"},"content":{"rendered":"<p>Irans r\u00e4ttsv\u00e4sende har tidigare lovat snabba r\u00e4tteg\u00e5ngar och avr\u00e4ttningar f\u00f6r de som gripits under de p\u00e5g\u00e5ende protesterna mot regimen.P\u00e5 onsdagen, amerikansk tid, p\u00e5stod dock utrikesminister Abbas Araghchi i en tv-intervju med Fox News att inga avr\u00e4ttningar planlagts.\u2013\u2009Jag \u00e4r s\u00e4ker p\u00e5 att det inte finns n\u00e5gra planer p\u00e5 h\u00e4ngningar \u00f6ver huvud taget, sade han.I samma ve<\/p>\n","protected":false},"excerpt":{"rendered":"Irans r\u00e4ttsv\u00e4sende har tidigare lovat snabba r\u00e4tteg\u00e5ngar och avr\u00e4ttningar f\u00f6r de som gripits under de p\u00e5g\u00e5ende protesterna mot&hellip;\n","protected":false},"author":2,"featured_media":137191,"comment_status":"","ping_status":"","sticky":false,"template":"","format":"standard","meta":{"footnotes":""},"categories":[14],"tags":[22,23,26,27,17,21,24,25,28,29,15,16,18,34,31,33,32,30,19,20,51,52,53,54],"class_list":{"0":"post-137190","1":"post","2":"type-post","3":"status-publish","4":"format-standard","5":"has-post-thumbnail","7":"category-varlden","8":"tag-breaking-news","9":"tag-breakingnews","10":"tag-featured-news","11":"tag-featurednews","12":"tag-headlines","13":"tag-huvudnyheter","14":"tag-latest-news","15":"tag-latestnews","16":"tag-main-news","17":"tag-mainnews","18":"tag-news","19":"tag-nyheter","20":"tag-rubriker","21":"tag-se","22":"tag-svenska","23":"tag-sverige","24":"tag-sweden","25":"tag-swedish","26":"tag-top-stories","27":"tag-topstories","28":"tag-varlden","29":"tag-world","30":"tag-world-news","31":"tag-worldnews"},"share_on_mastodon":{"url":"https:\/\/pubeurope.com\/@se\/115899759611278196","error":""},"_links":{"self":[{"href":"https:\/\/www.europesays.com\/se\/wp-json\/wp\/v2\/posts\/137190","targetHints":{"allow":["GET"]}}],"collection":[{"href":"https:\/\/www.europesays.com\/se\/wp-json\/wp\/v2\/posts"}],"about":[{"href":"https:\/\/www.europesays.com\/se\/wp-json\/wp\/v2\/types\/post"}],"author":[{"embeddable":true,"href":"https:\/\/www.europesays.com\/se\/wp-json\/wp\/v2\/users\/2"}],"replies":[{"embeddable":true,"href":"https:\/\/www.europesays.com\/se\/wp-json\/wp\/v2\/comments?post=137190"}],"version-history":[{"count":0,"href":"https:\/\/www.europesays.com\/se\/wp-json\/wp\/v2\/posts\/137190\/revisions"}],"wp:featuredmedia":[{"embeddable":true,"href":"https:\/\/www.europesays.com\/se\/wp-json\/wp\/v2\/media\/137191"}],"wp:attachment":[{"href":"https:\/\/www.europesays.com\/se\/wp-json\/wp\/v2\/media?parent=137190"}],"wp:term":[{"taxonomy":"category","embeddable":true,"href":"https:\/\/www.europesays.com\/se\/wp-json\/wp\/v2\/categories?post=137190"},{"taxonomy":"post_tag","embeddable":true,"href":"https:\/\/www.europesays.com\/se\/wp-json\/wp\/v2\/tags?post=137190"}],"curies":[{"name":"wp","href":"https:\/\/api.w.org\/{rel}","templated":true}]}}