{"id":137194,"date":"2026-01-15T15:13:08","date_gmt":"2026-01-15T15:13:08","guid":{"rendered":"https:\/\/www.europesays.com\/se\/137194\/"},"modified":"2026-01-15T15:13:08","modified_gmt":"2026-01-15T15:13:08","slug":"misstankt-brev-till-socialen-fyra-har-symptom","status":"publish","type":"post","link":"https:\/\/www.europesays.com\/se\/137194\/","title":{"rendered":"Misst\u00e4nkt brev till socialen \u2013 fyra har symptom"},"content":{"rendered":"<p>En person har f\u00f6rts till sjukhus efter att ett misst\u00e4nkt brev uppt\u00e4ckts p\u00e5 socialf\u00f6rvaltningen i V\u00e4xj\u00f6, rapporterar P4 Kronoberg.<\/p>\n<p>\u2013 Det \u00e4r fyra personer som har n\u00e5gon form av symptom och en av dem har \u00e5kt i\u202fv\u00e4g f\u00f6r kontroll, s\u00e4ger polisens presstalesperson Leif Fransson till TT.<\/p>\n<p>Polisen har ocks\u00e5 sp\u00e4rrat av kring lokalen och delar av den har t\u00f6mts av r\u00e4ddningstj\u00e4nsten.<\/p>\n<p>Brevet kom f\u00f6r n\u00e5gra dagar sedan, men det var f\u00f6rst p\u00e5 torsdagen som personalen fattade misstankar om dess inneh\u00e5ll.<\/p>\n<p>Omni \u00e4r politiskt obundna och oberoende. Vi str\u00e4var efter att ge fler perspektiv p\u00e5 nyheterna. Har du fr\u00e5gor eller synpunkter kring v\u00e5r rapportering? <a href=\"https:\/\/omni.se\/misstankt-brev-till-socialen-fyra-har-symptom\/a\/mailto:redaktion@omni.se\" class=\"ArticleActions_contactLink__W2F1M\" rel=\"nofollow noopener\" target=\"_blank\">Kontakta redaktionen<\/a><\/p>\n","protected":false},"excerpt":{"rendered":"En person har f\u00f6rts till sjukhus efter att ett misst\u00e4nkt brev uppt\u00e4ckts p\u00e5 socialf\u00f6rvaltningen i V\u00e4xj\u00f6, rapporterar P4&hellip;\n","protected":false},"author":2,"featured_media":137195,"comment_status":"","ping_status":"","sticky":false,"template":"","format":"standard","meta":{"footnotes":""},"categories":[5],"tags":[22,23,26,27,17,21,2244,24,25,28,29,15,16,18,34,31,33,32,30,19,20,2243],"class_list":{"0":"post-137194","1":"post","2":"type-post","3":"status-publish","4":"format-standard","5":"has-post-thumbnail","7":"category-rubriker","8":"tag-breaking-news","9":"tag-breakingnews","10":"tag-featured-news","11":"tag-featurednews","12":"tag-headlines","13":"tag-huvudnyheter","14":"tag-kronobergs-lan","15":"tag-latest-news","16":"tag-latestnews","17":"tag-main-news","18":"tag-mainnews","19":"tag-news","20":"tag-nyheter","21":"tag-rubriker","22":"tag-se","23":"tag-svenska","24":"tag-sverige","25":"tag-sweden","26":"tag-swedish","27":"tag-top-stories","28":"tag-topstories","29":"tag-vaxjo"},"share_on_mastodon":{"url":"https:\/\/pubeurope.com\/@se\/115899767426953780","error":""},"_links":{"self":[{"href":"https:\/\/www.europesays.com\/se\/wp-json\/wp\/v2\/posts\/137194","targetHints":{"allow":["GET"]}}],"collection":[{"href":"https:\/\/www.europesays.com\/se\/wp-json\/wp\/v2\/posts"}],"about":[{"href":"https:\/\/www.europesays.com\/se\/wp-json\/wp\/v2\/types\/post"}],"author":[{"embeddable":true,"href":"https:\/\/www.europesays.com\/se\/wp-json\/wp\/v2\/users\/2"}],"replies":[{"embeddable":true,"href":"https:\/\/www.europesays.com\/se\/wp-json\/wp\/v2\/comments?post=137194"}],"version-history":[{"count":0,"href":"https:\/\/www.europesays.com\/se\/wp-json\/wp\/v2\/posts\/137194\/revisions"}],"wp:featuredmedia":[{"embeddable":true,"href":"https:\/\/www.europesays.com\/se\/wp-json\/wp\/v2\/media\/137195"}],"wp:attachment":[{"href":"https:\/\/www.europesays.com\/se\/wp-json\/wp\/v2\/media?parent=137194"}],"wp:term":[{"taxonomy":"category","embeddable":true,"href":"https:\/\/www.europesays.com\/se\/wp-json\/wp\/v2\/categories?post=137194"},{"taxonomy":"post_tag","embeddable":true,"href":"https:\/\/www.europesays.com\/se\/wp-json\/wp\/v2\/tags?post=137194"}],"curies":[{"name":"wp","href":"https:\/\/api.w.org\/{rel}","templated":true}]}}