{"id":137204,"date":"2026-01-15T15:23:17","date_gmt":"2026-01-15T15:23:17","guid":{"rendered":"https:\/\/www.europesays.com\/se\/137204\/"},"modified":"2026-01-15T15:23:17","modified_gmt":"2026-01-15T15:23:17","slug":"adam-wikman-pa-vag-till-silkeborg","status":"publish","type":"post","link":"https:\/\/www.europesays.com\/se\/137204\/","title":{"rendered":"Adam Wikman p\u00e5 v\u00e4g till Silkeborg"},"content":{"rendered":"<p>Publicerad 15 jan 2026 kl 12.06<\/p>\n<p>Adam Wikman gjorde totalt 17 matcher f\u00f6r IK Sirius f\u00f6rra s\u00e4songen i allsvenskan och inf\u00f6r den h\u00e4r s\u00e4songen \u00e4r han p\u00e5 v\u00e4g att l\u00e4mna Uppsalaklubben f\u00f6r spel i Danmark.<\/p>\n<p>Expressen kan avsl\u00f6ja att Wikman \u00e4r klar f\u00f6r Silkeborg. Klubbarna \u00e4r \u00f6verens om ett l\u00e5n fram till i sommar, d\u00e4r en option \u00e4ven finns med i avtalet mellan klubbarna.<\/p>\n<p>H\u00e4nder inget of\u00f6rutsett s\u00e5 ansluter Wikman till sin nya klubb under morgondagen. I februari 2025 tilldelades Wikman lagkaptenen i Sirius och blev d\u00e4rmed seriens yngsta kapten.<\/p>\n","protected":false},"excerpt":{"rendered":"Publicerad 15 jan 2026 kl 12.06 Adam Wikman gjorde totalt 17 matcher f\u00f6r IK Sirius f\u00f6rra s\u00e4songen i&hellip;\n","protected":false},"author":2,"featured_media":137205,"comment_status":"","ping_status":"","sticky":false,"template":"","format":"standard","meta":{"footnotes":""},"categories":[68],"tags":[2330,34,130,129,111,110,31,33,32,30],"class_list":{"0":"post-137204","1":"post","2":"type-post","3":"status-publish","4":"format-standard","5":"has-post-thumbnail","7":"category-sport","8":"tag-organization-ik-sirius-fk","9":"tag-se","10":"tag-sections-allsvenskan","11":"tag-sections-fotboll","12":"tag-sport","13":"tag-sports","14":"tag-svenska","15":"tag-sverige","16":"tag-sweden","17":"tag-swedish"},"share_on_mastodon":{"url":"https:\/\/pubeurope.com\/@se\/115899806684417114","error":""},"_links":{"self":[{"href":"https:\/\/www.europesays.com\/se\/wp-json\/wp\/v2\/posts\/137204","targetHints":{"allow":["GET"]}}],"collection":[{"href":"https:\/\/www.europesays.com\/se\/wp-json\/wp\/v2\/posts"}],"about":[{"href":"https:\/\/www.europesays.com\/se\/wp-json\/wp\/v2\/types\/post"}],"author":[{"embeddable":true,"href":"https:\/\/www.europesays.com\/se\/wp-json\/wp\/v2\/users\/2"}],"replies":[{"embeddable":true,"href":"https:\/\/www.europesays.com\/se\/wp-json\/wp\/v2\/comments?post=137204"}],"version-history":[{"count":0,"href":"https:\/\/www.europesays.com\/se\/wp-json\/wp\/v2\/posts\/137204\/revisions"}],"wp:featuredmedia":[{"embeddable":true,"href":"https:\/\/www.europesays.com\/se\/wp-json\/wp\/v2\/media\/137205"}],"wp:attachment":[{"href":"https:\/\/www.europesays.com\/se\/wp-json\/wp\/v2\/media?parent=137204"}],"wp:term":[{"taxonomy":"category","embeddable":true,"href":"https:\/\/www.europesays.com\/se\/wp-json\/wp\/v2\/categories?post=137204"},{"taxonomy":"post_tag","embeddable":true,"href":"https:\/\/www.europesays.com\/se\/wp-json\/wp\/v2\/tags?post=137204"}],"curies":[{"name":"wp","href":"https:\/\/api.w.org\/{rel}","templated":true}]}}