{"id":13721,"date":"2025-08-26T05:19:23","date_gmt":"2025-08-26T05:19:23","guid":{"rendered":"https:\/\/www.europesays.com\/se\/13721\/"},"modified":"2025-08-26T05:19:23","modified_gmt":"2025-08-26T05:19:23","slug":"kritiken-vaxer-mot-boltonrazzian-auktoritar","status":"publish","type":"post","link":"https:\/\/www.europesays.com\/se\/13721\/","title":{"rendered":"Kritiken v\u00e4xer mot Boltonrazzian: \u201dAuktorit\u00e4r\u201d"},"content":{"rendered":"<p>Kritiken mot FBI-razzian mot den tidigare nationella s\u00e4kerhetsr\u00e5dgivaren John Bolton v\u00e4xer i USA. <\/p>\n<p>Draget \u201db\u00f6r vara en v\u00e4ckarklocka f\u00f6r alla amerikaner\u201d, tycker Norman Eisen och Andrew Warren, som sitter i styrelsen f\u00f6r en demokratifr\u00e4mjande organisation.<\/p>\n<p>\u201dDenna eskalering av Trumpadministrationens anv\u00e4ndning av r\u00e4ttsv\u00e4sendet f\u00f6r att rikta in sig p\u00e5 politiska meningsmotst\u00e5ndare \u00e4r en farlig ny front f\u00f6r amerikansk auktoritarism\u201d, skriver de p\u00e5 MSNBC.<\/p>\n<p>Presidenten har konsekvent f\u00f6rnekat k\u00e4nnedom om insatsen mot Bolton, som var en h\u00f6gljudd Trump-kritiker. Som anledning till husrannsakan uppgavs olaglig hantering av hemlig information.<\/p>\n<p>Wall Street Journals redaktion skriver i en opinionstext att Donald Trump \u201dverkar tro att han kan anv\u00e4nda sin makt f\u00f6r att ut\u00f6va h\u00e4mndaktioner\u201d.<\/p>\n<p>\u201dVi sa att detta var en av riskerna med en andra mandatperiod f\u00f6r Trump, och det visar sig vara v\u00e4rre \u00e4n vi trodde\u201d, skriver tidningen.<\/p>\n<p>Omni \u00e4r politiskt obundna och oberoende. Vi str\u00e4var efter att ge fler perspektiv p\u00e5 nyheterna. Har du fr\u00e5gor eller synpunkter kring v\u00e5r rapportering? <a href=\"https:\/\/omni.se\/kritiken-vaxer-mot-boltonrazzian-auktoritar\/a\/mailto:redaktion@omni.se\" class=\"ArticleActions_contactLink__W2F1M\" rel=\"nofollow noopener\" target=\"_blank\">Kontakta redaktionen<\/a><\/p>\n","protected":false},"excerpt":{"rendered":"Kritiken mot FBI-razzian mot den tidigare nationella s\u00e4kerhetsr\u00e5dgivaren John Bolton v\u00e4xer i USA. Draget \u201db\u00f6r vara en v\u00e4ckarklocka&hellip;\n","protected":false},"author":2,"featured_media":13722,"comment_status":"","ping_status":"","sticky":false,"template":"","format":"standard","meta":{"footnotes":""},"categories":[14],"tags":[387,22,23,385,1149,26,27,17,21,1828,24,25,28,29,15,268,16,1632,18,34,31,33,32,30,19,20,386,74,51,52,53,54],"class_list":{"0":"post-13721","1":"post","2":"type-post","3":"status-publish","4":"format-standard","5":"has-post-thumbnail","7":"category-varlden","8":"tag-amerikansk-politik","9":"tag-breaking-news","10":"tag-breakingnews","11":"tag-donald-trump","12":"tag-faktaruta-omni","13":"tag-featured-news","14":"tag-featurednews","15":"tag-headlines","16":"tag-huvudnyheter","17":"tag-john-bolton","18":"tag-latest-news","19":"tag-latestnews","20":"tag-main-news","21":"tag-mainnews","22":"tag-news","23":"tag-nordamerika","24":"tag-nyheter","25":"tag-opinion","26":"tag-rubriker","27":"tag-se","28":"tag-svenska","29":"tag-sverige","30":"tag-sweden","31":"tag-swedish","32":"tag-top-stories","33":"tag-topstories","34":"tag-trumps-usa","35":"tag-usa","36":"tag-varlden","37":"tag-world","38":"tag-world-news","39":"tag-worldnews"},"share_on_mastodon":{"url":"","error":""},"_links":{"self":[{"href":"https:\/\/www.europesays.com\/se\/wp-json\/wp\/v2\/posts\/13721","targetHints":{"allow":["GET"]}}],"collection":[{"href":"https:\/\/www.europesays.com\/se\/wp-json\/wp\/v2\/posts"}],"about":[{"href":"https:\/\/www.europesays.com\/se\/wp-json\/wp\/v2\/types\/post"}],"author":[{"embeddable":true,"href":"https:\/\/www.europesays.com\/se\/wp-json\/wp\/v2\/users\/2"}],"replies":[{"embeddable":true,"href":"https:\/\/www.europesays.com\/se\/wp-json\/wp\/v2\/comments?post=13721"}],"version-history":[{"count":0,"href":"https:\/\/www.europesays.com\/se\/wp-json\/wp\/v2\/posts\/13721\/revisions"}],"wp:featuredmedia":[{"embeddable":true,"href":"https:\/\/www.europesays.com\/se\/wp-json\/wp\/v2\/media\/13722"}],"wp:attachment":[{"href":"https:\/\/www.europesays.com\/se\/wp-json\/wp\/v2\/media?parent=13721"}],"wp:term":[{"taxonomy":"category","embeddable":true,"href":"https:\/\/www.europesays.com\/se\/wp-json\/wp\/v2\/categories?post=13721"},{"taxonomy":"post_tag","embeddable":true,"href":"https:\/\/www.europesays.com\/se\/wp-json\/wp\/v2\/tags?post=13721"}],"curies":[{"name":"wp","href":"https:\/\/api.w.org\/{rel}","templated":true}]}}