{"id":137212,"date":"2026-01-15T15:31:12","date_gmt":"2026-01-15T15:31:12","guid":{"rendered":"https:\/\/www.europesays.com\/se\/137212\/"},"modified":"2026-01-15T15:31:12","modified_gmt":"2026-01-15T15:31:12","slug":"sparkade-tranaren-atervander-till-rosengard","status":"publish","type":"post","link":"https:\/\/www.europesays.com\/se\/137212\/","title":{"rendered":"Sparkade tr\u00e4naren \u00e5terv\u00e4nder till Roseng\u00e5rd"},"content":{"rendered":"<p>Joel Kjetselberg \u00e4r tillbaka som huvudtr\u00e4nare i FC Roseng\u00e5rd \u2013 fyra m\u00e5nader efter att han fick sparken p\u00e5 grund av Malm\u00f6lagets svacka. Det meddelar fotbollsklubben p\u00e5 sin sajt.  <\/p>\n<p>\u2013 Joel \u00e4r en superkompetent tr\u00e4nare. Han har en fotbollshj\u00e4rna som f\u00e5 tr\u00e4nare besitter, s\u00e4ger Caroline Seger som \u00e4r Head of Football. <\/p>\n<p>Kjetselberg sj\u00e4lv s\u00e4ger att han inte tvekade n\u00e4r han fick m\u00f6jlighet att komma tillbaka och att han \u00e4r \u201dotroligt hungrig\u201d. <\/p>\n<p>Omni \u00e4r politiskt obundna och oberoende. Vi str\u00e4var efter att ge fler perspektiv p\u00e5 nyheterna. Har du fr\u00e5gor eller synpunkter kring v\u00e5r rapportering? <a href=\"https:\/\/omni.se\/sparkade-tranaren-atervander-till-rosengard\/a\/mailto:redaktion@omni.se\" class=\"ArticleActions_contactLink__W2F1M\" rel=\"nofollow noopener\" target=\"_blank\">Kontakta redaktionen<\/a><\/p>\n","protected":false},"excerpt":{"rendered":"Joel Kjetselberg \u00e4r tillbaka som huvudtr\u00e4nare i FC Roseng\u00e5rd \u2013 fyra m\u00e5nader efter att han fick sparken p\u00e5&hellip;\n","protected":false},"author":2,"featured_media":137213,"comment_status":"","ping_status":"","sticky":false,"template":"","format":"standard","meta":{"footnotes":""},"categories":[68],"tags":[13793,1614,138,2239,34,111,110,31,33,32,30],"class_list":{"0":"post-137212","1":"post","2":"type-post","3":"status-publish","4":"format-standard","5":"has-post-thumbnail","7":"category-sport","8":"tag-caroline-seger","9":"tag-fc-rosengard","10":"tag-fotboll","11":"tag-obos-damallsvenskan-i-fotboll","12":"tag-se","13":"tag-sport","14":"tag-sports","15":"tag-svenska","16":"tag-sverige","17":"tag-sweden","18":"tag-swedish"},"share_on_mastodon":{"url":"https:\/\/pubeurope.com\/@se\/115899838478491565","error":""},"_links":{"self":[{"href":"https:\/\/www.europesays.com\/se\/wp-json\/wp\/v2\/posts\/137212","targetHints":{"allow":["GET"]}}],"collection":[{"href":"https:\/\/www.europesays.com\/se\/wp-json\/wp\/v2\/posts"}],"about":[{"href":"https:\/\/www.europesays.com\/se\/wp-json\/wp\/v2\/types\/post"}],"author":[{"embeddable":true,"href":"https:\/\/www.europesays.com\/se\/wp-json\/wp\/v2\/users\/2"}],"replies":[{"embeddable":true,"href":"https:\/\/www.europesays.com\/se\/wp-json\/wp\/v2\/comments?post=137212"}],"version-history":[{"count":0,"href":"https:\/\/www.europesays.com\/se\/wp-json\/wp\/v2\/posts\/137212\/revisions"}],"wp:featuredmedia":[{"embeddable":true,"href":"https:\/\/www.europesays.com\/se\/wp-json\/wp\/v2\/media\/137213"}],"wp:attachment":[{"href":"https:\/\/www.europesays.com\/se\/wp-json\/wp\/v2\/media?parent=137212"}],"wp:term":[{"taxonomy":"category","embeddable":true,"href":"https:\/\/www.europesays.com\/se\/wp-json\/wp\/v2\/categories?post=137212"},{"taxonomy":"post_tag","embeddable":true,"href":"https:\/\/www.europesays.com\/se\/wp-json\/wp\/v2\/tags?post=137212"}],"curies":[{"name":"wp","href":"https:\/\/api.w.org\/{rel}","templated":true}]}}