{"id":137226,"date":"2026-01-15T15:39:16","date_gmt":"2026-01-15T15:39:16","guid":{"rendered":"https:\/\/www.europesays.com\/se\/137226\/"},"modified":"2026-01-15T15:39:16","modified_gmt":"2026-01-15T15:39:16","slug":"shl-har-slopat-pride-week-i-tystnad","status":"publish","type":"post","link":"https:\/\/www.europesays.com\/se\/137226\/","title":{"rendered":"SHL har slopat Pride week \u2013 i tystnad"},"content":{"rendered":"<p>Publicerad 15 jan 2026 kl 07.37Uppdaterad kl 10.06<\/p>\n<p>Initiativet prisades.<\/p>\n<p>Men i tystnad har SHL:s pridevecka f\u00f6rsvunnit.<\/p>\n<p>\u2013 Det \u00e4r inget medvetet val att inte ha f\u00e4rgerna med, s\u00e4ger ligans h\u00e5llbarhetsansvarige Johan Cahling.<\/p>\n<p><img   alt=\"\"\/><\/p>\n<p>S\u00e5 h\u00e4r har det sett ut tidgare \u00e5r.<\/p>\n<p>Foto: CARL SANDIN \/ BILDBYR\u00c5N<\/p>\n<p>\u00d6ppna bild i helsk\u00e4rm<img loading=\"lazy\"   alt=\"\"\/><\/p>\n<p>Marcus Sylveg\u00e5rd med en regnb\u00e5gsf\u00e4rgad SHL-logga p\u00e5 hj\u00e4lmen.<\/p>\n<p>Foto: JONATHAN N\u00c4CKSTRAND \/ BILDBYR\u00c5N<\/p>\n<p>\u00d6ppna bild i helsk\u00e4rm<img loading=\"lazy\"   alt=\"\"\/><\/p>\n<p>R\u00f6gles spelare i pride-tr\u00f6jor.<\/p>\n<p>Foto: NICLAS J\u00d6NSSON \/ BILDBYR\u00c5N<\/p>\n<p>\u00d6ppna bild i helsk\u00e4rmArtikeln i korthet<\/p>\n<p> SHL:s Pride week har f\u00f6rsvunnit efter fyra \u00e5r.<\/p>\n<p> Ligan satsar nu p\u00e5 bredare samh\u00e4llsinitiativ genom \u201dImpact by SHL\u201d.<\/p>\n<p> Synligheten kring pridefr\u00e5gor minskar, men SHL lovar fortsatt arbete med inkludering.<\/p>\n<p> RFSL hoppas p\u00e5 fortsatt tydligt hbtqi-fokus.<\/p>\n<p>Visa mer<\/p>\n<p>2020 lanserade <a href=\"https:\/\/www.expressen.se\/tagg\/organization\/shl\/\" class=\"\" rel=\"nofollow noopener\" target=\"_blank\">SHL<\/a> \u201dPride week\u201d. Syftet med veckan var att \u201dalla, oavsett vem man \u00e4r eller \u00e4lskar, ska k\u00e4nna sig v\u00e4lkomna att ta del av hockeyns fantastiska v\u00e4rld\u201d.<\/p>\n<p>Prideveckan har m\u00e4rkts ute p\u00e5 isen och alla 14 klubbar var involverade. Lagen spelade i matchtr\u00f6jor med inslag av regnb\u00e5gens f\u00e4rger, \u00e4ven domarna bar specialtr\u00f6jor.<\/p>\n<p>F\u00f6rsta \u00e5ret prisades SHL:s Pridevecka p\u00e5 QX Gaygala i kategorin \u201dKeep up the good work\u201d.<\/p>\n<p>Veckan har ocks\u00e5 f\u00e5tt kritik. 2023 uppm\u00e4rksammade <a href=\"https:\/\/www.svt.se\/nyheter\/kritiken-mot-shl-pride-week\" rel=\"nofollow noopener\" target=\"_blank\">SVT<\/a> att flera lag tvingades st\u00e4nga av kommentarsf\u00e4lt p\u00e5 sociala medier n\u00e4r de publicerat inneh\u00e5ll som r\u00f6rt Pride week.<\/p>\n<p>Efter fyra \u00e5r arrangerades inte n\u00e5gon Pride week av SHL 2025.<\/p>\n<p>\u00a0\u2013 I m\u00e5nga \u00e5r gjorde vi Pride week tillsammans med klubbarna. Vi har kommit \u00f6verens med klubbarna sen tv\u00e5 \u00e5r tillbaka att vi ska utveckla Pride week och ta in fler viktiga samh\u00e4llsfr\u00e5gor som klubbarna jobbar med dagligen, s\u00e4ger h\u00e5llbarhetsansvarige Johan Cahling.<\/p>\n<p><img loading=\"lazy\"   alt=\"\"\/><\/p>\n<p>Veckan kulminerade i en Prideomg\u00e5ng.<\/p>\n<p>Foto: JONATHAN N\u00c4CKSTRAND \/ BILDBYR\u00c5N<\/p>\n<p>\u00d6ppna bild i helsk\u00e4rm\u201dDet \u00e4r inget medvetet val att inte ha f\u00e4rgerna\u201d<\/p>\n<p>2025 drog ligan i g\u00e5ng \u201dImpact by SHL\u201d med syftet att \u201dm\u00f6jligg\u00f6ra och driva h\u00e5llbar och l\u00e5ngsiktig samh\u00e4llsutveckling\u201d. Ligan samverkar med bland annat kommuner, regioner, och n\u00e4ringsliv. \u201dImpact week\u201d och \u201dImpact tour\u201d \u00e4r en del av satsningen.<\/p>\n<p><strong>Synligheten var en stor del av Pride week som nu har f\u00f6rsvunnit. F\u00f6rlorar man inte en v\u00e4ldigt central del d\u00e5?<\/strong><\/p>\n<p>\u2013 Vi forts\u00e4tter att jobba med, utbilda oss och driva positiva effekter inom inkluderings, hbtqia+ och pridefr\u00e5gor. Genom den hbtqia+ omcertifiering som vi nyligen genomg\u00e5tt med RFSL, och enligt den handlingsplan som vi arbetar efter, ska vi \u00e4ven integrera prideprofilen i Impact by SHL och dess format som exempelvis SHL Impact Week och SHL Impact Tour.<\/p>\n<p>Han forts\u00e4tter:<\/p>\n<p>\u2013 Det \u00e4r inget medvetet val att inte ha f\u00e4rgerna med. Vi tycker att de \u00e4r en viktig signal och vi \u00e4r stolta att b\u00e4ra dem med oss, och f\u00e4rgerna kommer att dyka upp lite h\u00e4r och var fram\u00e5t i tiden. Det ligger som en viktig best\u00e5ndsdel som ska leva vidare i \u201dImpact by SHL\u201d. \u00a0<\/p>\n<p><strong>Om det h\u00e4r \u00e4r ett steg att utveckla arbetet, varf\u00f6r f\u00f6rsvann den delen ut\u00e5t?<\/strong><\/p>\n<p>\u2013 Under det senaste \u00e5ret och den h\u00e4r s\u00e4songen har vi tillsammans med klubbarna arbetat f\u00f6r att utveckla och etablera Impact by SHL och viktiga delar som Impact Week, Impact Tour och v\u00e5ra Impactrapporter. I detta arbete b\u00e4r vi med oss flera olika fr\u00e5gor, samh\u00e4llsutmaningar och teman som tar plats. Men som sagt, fram\u00e5t i tiden kommer vi att b\u00e4ra med oss f\u00e4rgerna mer tydligt i v\u00e5rt externa arbete.<\/p>\n<p>Annons<\/p>\n<p>RFSL: \u201dHoppas SHL forts\u00e4tter\u201d<\/p>\n<p>Men p\u00e5 vilket s\u00e4tt \u00e4r just nu oklart.<\/p>\n<p>\u2013 Vi gillar och tror sj\u00e4lva mycket p\u00e5 att manifestera, anv\u00e4nda och st\u00e5 upp f\u00f6r pridef\u00e4rgerna och jobbar hela tiden f\u00f6r att fler och fler m\u00e4nniskor ska vilja vara en del av, k\u00e4nna sig v\u00e4lkomna och trygga i v\u00e5r sport, liga och gemenskap.<\/p>\n<p>RFSL har varit en del av SHL:s arbete under flera \u00e5r och bland annat utbildat klubbar i hbtqi-fr\u00e5gor.<\/p>\n<p>\u2013 RFSL har ett gott samarbete med SHL. De \u00e4r hbtqi-certifierade av RFSL, och har nyligen omcertifierats till och med 2028. Vi hoppas att SHL forts\u00e4tter att tydligt lyfta hbtqi-perspektivet i sin nya h\u00e5llbarhetssatsning, d\u00e4r inkludering \u00e4r en av flera aspekter. Det \u00e4r ocks\u00e5 i linje med RFSL:s utbildningar som ocks\u00e5 inneh\u00e5ller kunskap om hur diskriminering av olika slag samverkar, och hur vi kan arbeta f\u00f6r ett mer h\u00e5llbart samh\u00e4lle, s\u00e4ger generalsekreterare Tawar Dabaghi.<\/p>\n","protected":false},"excerpt":{"rendered":"Publicerad 15 jan 2026 kl 07.37Uppdaterad kl 10.06 Initiativet prisades. Men i tystnad har SHL:s pridevecka f\u00f6rsvunnit. \u2013&hellip;\n","protected":false},"author":2,"featured_media":137227,"comment_status":"","ping_status":"","sticky":false,"template":"","format":"standard","meta":{"footnotes":""},"categories":[68],"tags":[6049,1179,34,255,823,111,110,31,33,32,30],"class_list":{"0":"post-137226","1":"post","2":"type-post","3":"status-publish","4":"format-standard","5":"has-post-thumbnail","7":"category-sport","8":"tag-organization-pride","9":"tag-organization-shl","10":"tag-se","11":"tag-sections-ishockey","12":"tag-sections-shl","13":"tag-sport","14":"tag-sports","15":"tag-svenska","16":"tag-sverige","17":"tag-sweden","18":"tag-swedish"},"share_on_mastodon":{"url":"https:\/\/pubeurope.com\/@se\/115899869607246124","error":""},"_links":{"self":[{"href":"https:\/\/www.europesays.com\/se\/wp-json\/wp\/v2\/posts\/137226","targetHints":{"allow":["GET"]}}],"collection":[{"href":"https:\/\/www.europesays.com\/se\/wp-json\/wp\/v2\/posts"}],"about":[{"href":"https:\/\/www.europesays.com\/se\/wp-json\/wp\/v2\/types\/post"}],"author":[{"embeddable":true,"href":"https:\/\/www.europesays.com\/se\/wp-json\/wp\/v2\/users\/2"}],"replies":[{"embeddable":true,"href":"https:\/\/www.europesays.com\/se\/wp-json\/wp\/v2\/comments?post=137226"}],"version-history":[{"count":0,"href":"https:\/\/www.europesays.com\/se\/wp-json\/wp\/v2\/posts\/137226\/revisions"}],"wp:featuredmedia":[{"embeddable":true,"href":"https:\/\/www.europesays.com\/se\/wp-json\/wp\/v2\/media\/137227"}],"wp:attachment":[{"href":"https:\/\/www.europesays.com\/se\/wp-json\/wp\/v2\/media?parent=137226"}],"wp:term":[{"taxonomy":"category","embeddable":true,"href":"https:\/\/www.europesays.com\/se\/wp-json\/wp\/v2\/categories?post=137226"},{"taxonomy":"post_tag","embeddable":true,"href":"https:\/\/www.europesays.com\/se\/wp-json\/wp\/v2\/tags?post=137226"}],"curies":[{"name":"wp","href":"https:\/\/api.w.org\/{rel}","templated":true}]}}