{"id":137234,"date":"2026-01-15T15:46:07","date_gmt":"2026-01-15T15:46:07","guid":{"rendered":"https:\/\/www.europesays.com\/se\/137234\/"},"modified":"2026-01-15T15:46:07","modified_gmt":"2026-01-15T15:46:07","slug":"sd-begar-att-katja-nyberg-entledigas-senaste-nytt-om-valet-2026-svt-nyheter","status":"publish","type":"post","link":"https:\/\/www.europesays.com\/se\/137234\/","title":{"rendered":"SD beg\u00e4r att Katja Nyberg entledigas \u2013 Senaste nytt om valet 2026 &#8211; SVT Nyheter"},"content":{"rendered":"<ol>\n<li><a href=\"https:\/\/news.google.com\/rss\/articles\/CBMioAFBVV95cUxOMHRjSEt1UFJPWjkxMlBFeDRpVU45OTFMUVdiVVJ0WFFwc0wyblotUGlCZlRORHRpZXlVYkQyZ2dsSFV1NkV6Mktha1BFVUlQaUlWQ2YwWnQ3SWJBeXZNQVFsN2RMX3hHbDc1aFBTNFcyZDRjWENWTkozU2l4cVN4eXRCR2dabmttRU0xSUNQUmF5ajhWRzh6dVVBVE5nejFI?oc=5\" target=\"_blank\" rel=\"nofollow noopener\">SD beg\u00e4r att Katja Nyberg entledigas \u2013 Senaste nytt om valet 2026<\/a>&nbsp;&nbsp;SVT Nyheter<\/li>\n<li><a href=\"https:\/\/news.google.com\/rss\/articles\/CBMioAFBVV95cUxORTN1eEtZWkdVZ0NQdlZXZjFUbHNwUnUyZnFDSkJJMUV1b2t2SDVHZmJWYW9XNlBEWGY3YU02eWtCdFRrMVJ0T1FsUmNNMlVDdmY5Rkt0b0Nidkd3ckpOZDJfYnVSeVRfT1lkbmV3VmwzMXlWM0xpS0NNd25RTkc3c3hDZTNuS3M2ZldvM3ppLTljSl81Qm1jVHdvNXpzMzJu?oc=5\" target=\"_blank\" rel=\"nofollow noopener\">F\u00f6rslaget: Fler misst\u00e4nkta ska kunna h\u00e4ktas \u2013 Senaste nytt om valet 2026<\/a>&nbsp;&nbsp;SVT Nyheter<\/li>\n<li><a href=\"https:\/\/news.google.com\/rss\/articles\/CBMiZEFVX3lxTE5UOHlZX2tHbFNUOTA0Z2JEa0FOUW55TEhpSG15NndabzdGcXVUVmNXYjZOek1aMlFMaDRDYU5ZRmFMOUVsTDBzb1lwZGdVVWhIRnd0NlJMeTlqSDhOZHFueFZYaTg?oc=5\" target=\"_blank\" rel=\"nofollow noopener\">Val\u00e5ret \u00e4r inlett \u2013 detta \u00e4r valfr\u00e5gorna<\/a>&nbsp;&nbsp;Aktuellt i Politiken<\/li>\n<li><a href=\"https:\/\/news.google.com\/rss\/articles\/CBMilgFBVV95cUxQeUhPdXhNUUMyaE9VbUVGYVY1Y0luM1BLdGJVSkVtaS1IZnBnWG5SNThsR2ZLdDItRm1xVmpiQTVvWndlemMxdFFUYjF5azdEMjNEbm9ldTNXMUVRdkdZR2ZPeEJMVmhLVGIyU2s5Q1QtOUZkZ1FqMmFudEJnNEN6TS1nQnZyQVRyLUg1ZVJ3YjdjUzNld1E?oc=5\" target=\"_blank\" rel=\"nofollow noopener\">Blockbytarna avg\u00f6r valet 2026 \u2013 bostadsfr\u00e5gan f\u00f6rblir undanpressad<\/a>&nbsp;&nbsp;Bostadspolitik<\/li>\n<li><a href=\"https:\/\/news.google.com\/rss\/articles\/CBMiigFBVV95cUxONVhsaWlZc1p0UmZPbVZNNm1YYklCMGZOY2l4Y0lxZDhtYllBYW13VEhMRXhxcXBIQm5wWWFueXVmNDZJcDE4dU5yTGtlMEptRzZTSFhYekhBY0hxaWF1dE12RkpSMjNLeVY2NkpDTHV6aTJlRmFpX0ZucUMxT2x2M0k0Q3AxRzJveUE?oc=5\" target=\"_blank\" rel=\"nofollow noopener\">\u201dD\u00e5 kommer hela h\u00f6gern vittra s\u00f6nder\u201d<\/a>&nbsp;&nbsp;SvD<\/li>\n<\/ol>\n","protected":false},"excerpt":{"rendered":"SD beg\u00e4r att Katja Nyberg entledigas \u2013 Senaste nytt om valet 2026&nbsp;&nbsp;SVT Nyheter F\u00f6rslaget: Fler misst\u00e4nkta ska kunna&hellip;\n","protected":false},"author":2,"featured_media":137152,"comment_status":"","ping_status":"","sticky":false,"template":"","format":"standard","meta":{"footnotes":""},"categories":[12],"tags":[22,23,26,27,17,21,24,25,28,29,15,16,18,34,31,33,32,30,19,20],"class_list":{"0":"post-137234","1":"post","2":"type-post","3":"status-publish","4":"format-standard","5":"has-post-thumbnail","7":"category-sverige","8":"tag-breaking-news","9":"tag-breakingnews","10":"tag-featured-news","11":"tag-featurednews","12":"tag-headlines","13":"tag-huvudnyheter","14":"tag-latest-news","15":"tag-latestnews","16":"tag-main-news","17":"tag-mainnews","18":"tag-news","19":"tag-nyheter","20":"tag-rubriker","21":"tag-se","22":"tag-svenska","23":"tag-sverige","24":"tag-sweden","25":"tag-swedish","26":"tag-top-stories","27":"tag-topstories"},"share_on_mastodon":{"url":"https:\/\/pubeurope.com\/@se\/115899897170365472","error":""},"_links":{"self":[{"href":"https:\/\/www.europesays.com\/se\/wp-json\/wp\/v2\/posts\/137234","targetHints":{"allow":["GET"]}}],"collection":[{"href":"https:\/\/www.europesays.com\/se\/wp-json\/wp\/v2\/posts"}],"about":[{"href":"https:\/\/www.europesays.com\/se\/wp-json\/wp\/v2\/types\/post"}],"author":[{"embeddable":true,"href":"https:\/\/www.europesays.com\/se\/wp-json\/wp\/v2\/users\/2"}],"replies":[{"embeddable":true,"href":"https:\/\/www.europesays.com\/se\/wp-json\/wp\/v2\/comments?post=137234"}],"version-history":[{"count":0,"href":"https:\/\/www.europesays.com\/se\/wp-json\/wp\/v2\/posts\/137234\/revisions"}],"wp:featuredmedia":[{"embeddable":true,"href":"https:\/\/www.europesays.com\/se\/wp-json\/wp\/v2\/media\/137152"}],"wp:attachment":[{"href":"https:\/\/www.europesays.com\/se\/wp-json\/wp\/v2\/media?parent=137234"}],"wp:term":[{"taxonomy":"category","embeddable":true,"href":"https:\/\/www.europesays.com\/se\/wp-json\/wp\/v2\/categories?post=137234"},{"taxonomy":"post_tag","embeddable":true,"href":"https:\/\/www.europesays.com\/se\/wp-json\/wp\/v2\/tags?post=137234"}],"curies":[{"name":"wp","href":"https:\/\/api.w.org\/{rel}","templated":true}]}}