{"id":137251,"date":"2026-01-15T16:00:45","date_gmt":"2026-01-15T16:00:45","guid":{"rendered":"https:\/\/www.europesays.com\/se\/137251\/"},"modified":"2026-01-15T16:00:45","modified_gmt":"2026-01-15T16:00:45","slug":"saab-har-sjosatt-det-andra-signalspaningsfartyget-for-polen","status":"publish","type":"post","link":"https:\/\/www.europesays.com\/se\/137251\/","title":{"rendered":"Saab har sj\u00f6satt det andra signalspaningsfartyget f\u00f6r Polen"},"content":{"rendered":"<p class=\"font-sans text-base text-text-main dark:text-text-main-dark font-normal leading-[1.4]\">Det \u00e4r ORP Henryk Zygalski som sj\u00f6satts i Gda\u0144sk, och \u00e4r inom ramen f\u00f6r Delfin-programmet. Det f\u00f6rsta fartyget, ORP Jerzy R\u00f3\u017cycki, sj\u00f6sattes 1 juli i fjol. Fartygen ska utrustas med n\u00f6dv\u00e4ndiga spaningssystem samt genomg\u00e5 sj\u00f6prov innan de tas i bruk.<\/p>\n<p>&#8221;Vi \u00e4r glada \u00f6ver att ORP Henryk Zygalski sj\u00f6satts idag. Det h\u00e4r \u00e4r ett viktigt projekt som st\u00e4rker samarbetet mellan den svenska och polska industrin och bidrar till \u00f6kad s\u00e4kerhet i \u00d6stersj\u00f6regionen&#8221;, s\u00e4ger Mats Wicksell, chef f\u00f6r Saabs aff\u00e4rsomr\u00e5de Kockums.<\/p>\n<p>Leverans av fartygen sker efter utf\u00f6rt installationsarbete och sj\u00f6prov. Detta \u00e4r planerat till 2027, respektive 2028.<br class=\"col-start-2\"\/><\/p>\n","protected":false},"excerpt":{"rendered":"Det \u00e4r ORP Henryk Zygalski som sj\u00f6satts i Gda\u0144sk, och \u00e4r inom ramen f\u00f6r Delfin-programmet. Det f\u00f6rsta fartyget,&hellip;\n","protected":false},"author":2,"featured_media":137252,"comment_status":"","ping_status":"","sticky":false,"template":"","format":"standard","meta":{"footnotes":""},"categories":[65],"tags":[72,70,71,2200,34,31,33,32,30],"class_list":{"0":"post-137251","1":"post","2":"type-post","3":"status-publish","4":"format-standard","5":"has-post-thumbnail","7":"category-ekonomi","8":"tag-business","9":"tag-economy","10":"tag-ekonomi","11":"tag-saab","12":"tag-se","13":"tag-svenska","14":"tag-sverige","15":"tag-sweden","16":"tag-swedish"},"share_on_mastodon":{"url":"https:\/\/pubeurope.com\/@se\/115899952149275654","error":""},"_links":{"self":[{"href":"https:\/\/www.europesays.com\/se\/wp-json\/wp\/v2\/posts\/137251","targetHints":{"allow":["GET"]}}],"collection":[{"href":"https:\/\/www.europesays.com\/se\/wp-json\/wp\/v2\/posts"}],"about":[{"href":"https:\/\/www.europesays.com\/se\/wp-json\/wp\/v2\/types\/post"}],"author":[{"embeddable":true,"href":"https:\/\/www.europesays.com\/se\/wp-json\/wp\/v2\/users\/2"}],"replies":[{"embeddable":true,"href":"https:\/\/www.europesays.com\/se\/wp-json\/wp\/v2\/comments?post=137251"}],"version-history":[{"count":0,"href":"https:\/\/www.europesays.com\/se\/wp-json\/wp\/v2\/posts\/137251\/revisions"}],"wp:featuredmedia":[{"embeddable":true,"href":"https:\/\/www.europesays.com\/se\/wp-json\/wp\/v2\/media\/137252"}],"wp:attachment":[{"href":"https:\/\/www.europesays.com\/se\/wp-json\/wp\/v2\/media?parent=137251"}],"wp:term":[{"taxonomy":"category","embeddable":true,"href":"https:\/\/www.europesays.com\/se\/wp-json\/wp\/v2\/categories?post=137251"},{"taxonomy":"post_tag","embeddable":true,"href":"https:\/\/www.europesays.com\/se\/wp-json\/wp\/v2\/tags?post=137251"}],"curies":[{"name":"wp","href":"https:\/\/api.w.org\/{rel}","templated":true}]}}