{"id":137269,"date":"2026-01-15T16:16:45","date_gmt":"2026-01-15T16:16:45","guid":{"rendered":"https:\/\/www.europesays.com\/se\/137269\/"},"modified":"2026-01-15T16:16:45","modified_gmt":"2026-01-15T16:16:45","slug":"kommer-inte-sparka-powell-just-nu","status":"publish","type":"post","link":"https:\/\/www.europesays.com\/se\/137269\/","title":{"rendered":"Kommer inte sparka Powell \u2013 just nu"},"content":{"rendered":"<p>Amerikanska justitiedepartementet inledde en brottsutredning mot Fed-chefen Jerome Powell efter st\u00e4mningar om renoveringen av centralbankens huvudkontor i Washington.<\/p>\n<p>Utredningen g\u00e4llde om Powell vilselett kongressen om projektets omfattning, men Powell h\u00e4vdade att hotet om \u00e5tal syftade till att p\u00e5verka Feds r\u00e4ntebeslut.<\/p>\n<p>President Donald Trump f\u00f6rnekade k\u00e4nnedom om utredningen men har tidigare kritiserat Powell f\u00f6r b\u00e5de r\u00e4nteniv\u00e5er och renoveringskostnader.<\/p>\n<p>Flera tidigare finansministrar och Fed-chefer uttryckte st\u00f6d f\u00f6r Powell och kallade utredningen ett o\u00f6vertr\u00e4ffat f\u00f6rs\u00f6k att underminera Feds oberoende.<\/p>\n<p>Finansminister Scott Bessent uppgavs vara missn\u00f6jd med utredningen, men finansdepartementet dementerade uppgifter om oenighet mellan Bessent och Trump.<\/p>\n","protected":false},"excerpt":{"rendered":"Amerikanska justitiedepartementet inledde en brottsutredning mot Fed-chefen Jerome Powell efter st\u00e4mningar om renoveringen av centralbankens huvudkontor i Washington.&hellip;\n","protected":false},"author":2,"featured_media":137270,"comment_status":"","ping_status":"","sticky":false,"template":"","format":"standard","meta":{"footnotes":""},"categories":[65],"tags":[72,318,385,70,71,1725,2858,324,34,31,33,32,30,13636],"class_list":{"0":"post-137269","1":"post","2":"type-post","3":"status-publish","4":"format-standard","5":"has-post-thumbnail","7":"category-ekonomi","8":"tag-business","9":"tag-centralbanker","10":"tag-donald-trump","11":"tag-economy","12":"tag-ekonomi","13":"tag-federal-reserve","14":"tag-jerome-powell","15":"tag-makroekonomi","16":"tag-se","17":"tag-svenska","18":"tag-sverige","19":"tag-sweden","20":"tag-swedish","21":"tag-trump-vs-fed"},"share_on_mastodon":{"url":"https:\/\/pubeurope.com\/@se\/115900015119301292","error":""},"_links":{"self":[{"href":"https:\/\/www.europesays.com\/se\/wp-json\/wp\/v2\/posts\/137269","targetHints":{"allow":["GET"]}}],"collection":[{"href":"https:\/\/www.europesays.com\/se\/wp-json\/wp\/v2\/posts"}],"about":[{"href":"https:\/\/www.europesays.com\/se\/wp-json\/wp\/v2\/types\/post"}],"author":[{"embeddable":true,"href":"https:\/\/www.europesays.com\/se\/wp-json\/wp\/v2\/users\/2"}],"replies":[{"embeddable":true,"href":"https:\/\/www.europesays.com\/se\/wp-json\/wp\/v2\/comments?post=137269"}],"version-history":[{"count":0,"href":"https:\/\/www.europesays.com\/se\/wp-json\/wp\/v2\/posts\/137269\/revisions"}],"wp:featuredmedia":[{"embeddable":true,"href":"https:\/\/www.europesays.com\/se\/wp-json\/wp\/v2\/media\/137270"}],"wp:attachment":[{"href":"https:\/\/www.europesays.com\/se\/wp-json\/wp\/v2\/media?parent=137269"}],"wp:term":[{"taxonomy":"category","embeddable":true,"href":"https:\/\/www.europesays.com\/se\/wp-json\/wp\/v2\/categories?post=137269"},{"taxonomy":"post_tag","embeddable":true,"href":"https:\/\/www.europesays.com\/se\/wp-json\/wp\/v2\/tags?post=137269"}],"curies":[{"name":"wp","href":"https:\/\/api.w.org\/{rel}","templated":true}]}}