{"id":137279,"date":"2026-01-15T16:24:11","date_gmt":"2026-01-15T16:24:11","guid":{"rendered":"https:\/\/www.europesays.com\/se\/137279\/"},"modified":"2026-01-15T16:24:11","modified_gmt":"2026-01-15T16:24:11","slug":"usa-sanktioner-mot-irans-sakerhetsrad-och-banker","status":"publish","type":"post","link":"https:\/\/www.europesays.com\/se\/137279\/","title":{"rendered":"USA-sanktioner mot Irans s\u00e4kerhetsr\u00e5d och banker"},"content":{"rendered":"<p>share-arrowDela<\/p>\n<p>unsaveSpara<\/p>\n<p>expand-left<\/p>\n<p>helsk\u00e4rm<img decoding=\"async\" class=\"image-asset hyperion-css-u06ts1\" data-test-tag=\"image-asset\" src=\"https:\/\/www.europesays.com\/se\/wp-content\/uploads\/2026\/01\/2094fe60-6000-4630-97b6-e6a980849800.jpeg\"  alt=\"USA:s finansminister Scott Bessent p\u00e5 en bild fr\u00e5n i tisdags.\"  loading=\"eager\" fetchpriority=\"high\" style=\"aspect-ratio:1900 \/ 1267\"\/>USA:s finansminister Scott Bessent p\u00e5 en bild fr\u00e5n i tisdags. Foto: Mark Schiefelbein\/AP\/TT<\/p>\n<p class=\"hyperion-css-1shl3oz\" data-test-tag=\"lead-text\">USA inf\u00f6r nya sanktioner mot Iran.<\/p>\n<p class=\"hyperion-css-1v9qo5x\">Det handlar om sanktioner mot en h\u00f6gt ansvarig inom Irans s\u00e4kerhetsr\u00e5d, som anklagas f\u00f6r att ha uppmanat till v\u00e5ld mot demonstranter. Dessutom \u00e5l\u00e4ggs 18 personer inom bankv\u00e4sendet sanktioner, meddelar USA:s finansminister Scott Bessent.<\/p>\n<p class=\"hyperion-css-1v9qo5x\">Sanktionerna, som inneb\u00e4r att de drabbade inte kommer \u00e5t finansiella medel i USA, \u00e4r fr\u00e4mst en symbolisk handling, d\u00e5 f\u00e5 av dem tros ha n\u00e5gra tillg\u00e5ngar i USA.<\/p>\n","protected":false},"excerpt":{"rendered":"share-arrowDela unsaveSpara expand-left helsk\u00e4rmUSA:s finansminister Scott Bessent p\u00e5 en bild fr\u00e5n i tisdags. Foto: Mark Schiefelbein\/AP\/TT USA inf\u00f6r&hellip;\n","protected":false},"author":2,"featured_media":137280,"comment_status":"","ping_status":"","sticky":false,"template":"","format":"standard","meta":{"footnotes":""},"categories":[65],"tags":[72,70,71,34,31,33,32,30],"class_list":{"0":"post-137279","1":"post","2":"type-post","3":"status-publish","4":"format-standard","5":"has-post-thumbnail","7":"category-ekonomi","8":"tag-business","9":"tag-economy","10":"tag-ekonomi","11":"tag-se","12":"tag-svenska","13":"tag-sverige","14":"tag-sweden","15":"tag-swedish"},"share_on_mastodon":{"url":"https:\/\/pubeurope.com\/@se\/115900046555488012","error":""},"_links":{"self":[{"href":"https:\/\/www.europesays.com\/se\/wp-json\/wp\/v2\/posts\/137279","targetHints":{"allow":["GET"]}}],"collection":[{"href":"https:\/\/www.europesays.com\/se\/wp-json\/wp\/v2\/posts"}],"about":[{"href":"https:\/\/www.europesays.com\/se\/wp-json\/wp\/v2\/types\/post"}],"author":[{"embeddable":true,"href":"https:\/\/www.europesays.com\/se\/wp-json\/wp\/v2\/users\/2"}],"replies":[{"embeddable":true,"href":"https:\/\/www.europesays.com\/se\/wp-json\/wp\/v2\/comments?post=137279"}],"version-history":[{"count":0,"href":"https:\/\/www.europesays.com\/se\/wp-json\/wp\/v2\/posts\/137279\/revisions"}],"wp:featuredmedia":[{"embeddable":true,"href":"https:\/\/www.europesays.com\/se\/wp-json\/wp\/v2\/media\/137280"}],"wp:attachment":[{"href":"https:\/\/www.europesays.com\/se\/wp-json\/wp\/v2\/media?parent=137279"}],"wp:term":[{"taxonomy":"category","embeddable":true,"href":"https:\/\/www.europesays.com\/se\/wp-json\/wp\/v2\/categories?post=137279"},{"taxonomy":"post_tag","embeddable":true,"href":"https:\/\/www.europesays.com\/se\/wp-json\/wp\/v2\/tags?post=137279"}],"curies":[{"name":"wp","href":"https:\/\/api.w.org\/{rel}","templated":true}]}}