{"id":137291,"date":"2026-01-15T16:42:13","date_gmt":"2026-01-15T16:42:13","guid":{"rendered":"https:\/\/www.europesays.com\/se\/137291\/"},"modified":"2026-01-15T16:42:13","modified_gmt":"2026-01-15T16:42:13","slug":"bada-dottrarna-horda-i-bodenfallet-vasterbottens-kuriren","status":"publish","type":"post","link":"https:\/\/www.europesays.com\/se\/137291\/","title":{"rendered":"B\u00e5da d\u00f6ttrarna h\u00f6rda i Bodenfallet &#8211; V\u00e4sterbottens-Kuriren"},"content":{"rendered":"<ol>\n<li><a href=\"https:\/\/news.google.com\/rss\/articles\/CBMieEFVX3lxTE9rSHJnVXRkR3VKZEdVZmp6b1VQT3JOanQ2Rm11NFQtbDZEQnhoNFlSWkN4bWh1UFVnM2NQSUVkdUZ5WlpKZDhBd0VkQnllazNEbWdKSnZ0ZVhlMlJKSm5hTU83M2tPcHFfMjE3NUZmclhJWjlUQS1GYQ?oc=5\" target=\"_blank\" rel=\"nofollow noopener\">B\u00e5da d\u00f6ttrarna h\u00f6rda i Bodenfallet<\/a>&nbsp;&nbsp;V\u00e4sterbottens-Kuriren<\/li>\n<li><a href=\"https:\/\/news.google.com\/rss\/articles\/CBMikwFBVV95cUxOem01ZFpqekVVNWh2dF9EUXMxcC1lMWNEYTlLdXF5aEs0NW9CRHhnYVVZYmllR0RXMzc5LTFsZXVyMkRvU0NXZGlRX1UxRE9SM2hZRU00RlRSVEtNQ1dpUFphOHZBRmN3TVVNZUViZDBiXzYyQUs5OHdBNjVpeW9KTXgxZHdDX24wNTJuLWowbGxjZ3c?oc=5\" target=\"_blank\" rel=\"nofollow noopener\">Efter mordet i Boden \u2013 d\u00f6ttrarna har h\u00f6rts<\/a>&nbsp;&nbsp;Aftonbladet<\/li>\n<li><a href=\"https:\/\/news.google.com\/rss\/articles\/CBMiogFBVV95cUxPX280NXE5a3RCRmlGdE5jMzNkYTFBZDVSVmJEZTV2SWhhY182MUF2cjhwWHdjOXZXZlR0ZWJsd0NMX0dudFc4Wk9sMlpKcy1ENkUzOUJ2eVRpLWotUllVMk00NnUxUjRSRW9fZGVjZUdnNFRxejBjQ0pKamZuLTQxUkZ3cEZGaFFWc0V0aGtuSk95RUxMbk1Pc0hKNFc4QTZhZnc?oc=5\" target=\"_blank\" rel=\"nofollow noopener\">Mordet i Boden: S\u00e5 gick det till n\u00e4r polisen sk\u00f6t mannen<\/a>&nbsp;&nbsp;SVT Nyheter<\/li>\n<li><a href=\"https:\/\/news.google.com\/rss\/articles\/CBMilwFBVV95cUxQWjRUMk95Z01TN0hpSi0tOWU5dmRmQkhKWEptSXA0R29RV2lUMy1RUWVpQ2Q2SC1YLTlvWXVXVWxxUEowa25vUE9kb3JyRnFKQi1ndzRWXzFSV0QzdkRWakJzdXlGN215b0R6ek5PZUtCdVZ3ajh0VW50V0ZfMk5lclB3XzZ2WG9rXzc1ckdzdXBkUnB3TkZF?oc=5\" target=\"_blank\" rel=\"nofollow noopener\">Efter d\u00f6dsskjutningen i Boden \u2013 s\u00e5 st\u00f6ttas poliserna<\/a>&nbsp;&nbsp;NSD<\/li>\n<li><a href=\"https:\/\/news.google.com\/rss\/articles\/CBMipAFBVV95cUxPY3JwcnNXU2ltWGg4X1JGajlRZTNoMGNNRVZ1R1d5SDNWWnVnRkVpbVQ5aWNacHFRQ19ETE13cTNsUDFmMV9fNjdVOVUwSUt6U1VEa09JVTRaVWVQYjZmR1ZuUkhHUFJyTkZVWkRlYmU3YkdyYkxiaTFIUUZoT2xvTnJVN1NuQlM0bmxGekxkOXNld3hCeUdWSFp6eU1xVTZwcWxMQw?oc=5\" target=\"_blank\" rel=\"nofollow noopener\">Polisen har h\u00e5llit f\u00f6rsta f\u00f6rh\u00f6r med systern efter sv\u00e5ra skadorna<\/a>&nbsp;&nbsp;Kuriren<\/li>\n<\/ol>\n","protected":false},"excerpt":{"rendered":"B\u00e5da d\u00f6ttrarna h\u00f6rda i Bodenfallet&nbsp;&nbsp;V\u00e4sterbottens-Kuriren Efter mordet i Boden \u2013 d\u00f6ttrarna har h\u00f6rts&nbsp;&nbsp;Aftonbladet Mordet i Boden: S\u00e5 gick&hellip;\n","protected":false},"author":2,"featured_media":137292,"comment_status":"","ping_status":"","sticky":false,"template":"","format":"standard","meta":{"footnotes":""},"categories":[12],"tags":[22,23,26,27,17,21,24,25,28,29,15,16,18,34,31,33,32,30,19,20],"class_list":{"0":"post-137291","1":"post","2":"type-post","3":"status-publish","4":"format-standard","5":"has-post-thumbnail","7":"category-sverige","8":"tag-breaking-news","9":"tag-breakingnews","10":"tag-featured-news","11":"tag-featurednews","12":"tag-headlines","13":"tag-huvudnyheter","14":"tag-latest-news","15":"tag-latestnews","16":"tag-main-news","17":"tag-mainnews","18":"tag-news","19":"tag-nyheter","20":"tag-rubriker","21":"tag-se","22":"tag-svenska","23":"tag-sverige","24":"tag-sweden","25":"tag-swedish","26":"tag-top-stories","27":"tag-topstories"},"share_on_mastodon":{"url":"https:\/\/pubeurope.com\/@se\/115900117423935160","error":""},"_links":{"self":[{"href":"https:\/\/www.europesays.com\/se\/wp-json\/wp\/v2\/posts\/137291","targetHints":{"allow":["GET"]}}],"collection":[{"href":"https:\/\/www.europesays.com\/se\/wp-json\/wp\/v2\/posts"}],"about":[{"href":"https:\/\/www.europesays.com\/se\/wp-json\/wp\/v2\/types\/post"}],"author":[{"embeddable":true,"href":"https:\/\/www.europesays.com\/se\/wp-json\/wp\/v2\/users\/2"}],"replies":[{"embeddable":true,"href":"https:\/\/www.europesays.com\/se\/wp-json\/wp\/v2\/comments?post=137291"}],"version-history":[{"count":0,"href":"https:\/\/www.europesays.com\/se\/wp-json\/wp\/v2\/posts\/137291\/revisions"}],"wp:featuredmedia":[{"embeddable":true,"href":"https:\/\/www.europesays.com\/se\/wp-json\/wp\/v2\/media\/137292"}],"wp:attachment":[{"href":"https:\/\/www.europesays.com\/se\/wp-json\/wp\/v2\/media?parent=137291"}],"wp:term":[{"taxonomy":"category","embeddable":true,"href":"https:\/\/www.europesays.com\/se\/wp-json\/wp\/v2\/categories?post=137291"},{"taxonomy":"post_tag","embeddable":true,"href":"https:\/\/www.europesays.com\/se\/wp-json\/wp\/v2\/tags?post=137291"}],"curies":[{"name":"wp","href":"https:\/\/api.w.org\/{rel}","templated":true}]}}