{"id":137311,"date":"2026-01-15T16:58:38","date_gmt":"2026-01-15T16:58:38","guid":{"rendered":"https:\/\/www.europesays.com\/se\/137311\/"},"modified":"2026-01-15T16:58:38","modified_gmt":"2026-01-15T16:58:38","slug":"det-stora-statistikmysteriet-varfor-har-valdet-upphort","status":"publish","type":"post","link":"https:\/\/www.europesays.com\/se\/137311\/","title":{"rendered":"Det stora statistikmysteriet \u2013 varf\u00f6r har v\u00e5ldet upph\u00f6rt?"},"content":{"rendered":"<p>Sverige skakas av en v\u00e5ldsv\u00e5g som inget civiliserat samh\u00e4lle kan acceptera.<\/p>\n<p>L\u00e4get \u00e4r s\u00e5 pass allvarligt att till och med Donald Trump vill granska det svenska v\u00e5ldet.<\/p>\n<p>Men i ett tegelhus p\u00e5 V\u00e4sterbroplan i Stockholm finns en statistik som politikerna aldrig tittar p\u00e5. En siffra som ber\u00e4ttar en helt annan historia. <\/p>\n<p>Och den beror p\u00e5 ett fenomen som forskningen \u00e4n s\u00e5 l\u00e4nge inte kan f\u00f6rklara.<\/p>\n","protected":false},"excerpt":{"rendered":"Sverige skakas av en v\u00e5ldsv\u00e5g som inget civiliserat samh\u00e4lle kan acceptera. L\u00e4get \u00e4r s\u00e5 pass allvarligt att till&hellip;\n","protected":false},"author":2,"featured_media":137312,"comment_status":"","ping_status":"","sticky":false,"template":"","format":"standard","meta":{"footnotes":""},"categories":[12],"tags":[22,23,26,27,17,21,24,25,28,29,15,16,18,34,31,33,32,30,19,20],"class_list":{"0":"post-137311","1":"post","2":"type-post","3":"status-publish","4":"format-standard","5":"has-post-thumbnail","7":"category-sverige","8":"tag-breaking-news","9":"tag-breakingnews","10":"tag-featured-news","11":"tag-featurednews","12":"tag-headlines","13":"tag-huvudnyheter","14":"tag-latest-news","15":"tag-latestnews","16":"tag-main-news","17":"tag-mainnews","18":"tag-news","19":"tag-nyheter","20":"tag-rubriker","21":"tag-se","22":"tag-svenska","23":"tag-sverige","24":"tag-sweden","25":"tag-swedish","26":"tag-top-stories","27":"tag-topstories"},"share_on_mastodon":{"url":"https:\/\/pubeurope.com\/@se\/115900180351785856","error":""},"_links":{"self":[{"href":"https:\/\/www.europesays.com\/se\/wp-json\/wp\/v2\/posts\/137311","targetHints":{"allow":["GET"]}}],"collection":[{"href":"https:\/\/www.europesays.com\/se\/wp-json\/wp\/v2\/posts"}],"about":[{"href":"https:\/\/www.europesays.com\/se\/wp-json\/wp\/v2\/types\/post"}],"author":[{"embeddable":true,"href":"https:\/\/www.europesays.com\/se\/wp-json\/wp\/v2\/users\/2"}],"replies":[{"embeddable":true,"href":"https:\/\/www.europesays.com\/se\/wp-json\/wp\/v2\/comments?post=137311"}],"version-history":[{"count":0,"href":"https:\/\/www.europesays.com\/se\/wp-json\/wp\/v2\/posts\/137311\/revisions"}],"wp:featuredmedia":[{"embeddable":true,"href":"https:\/\/www.europesays.com\/se\/wp-json\/wp\/v2\/media\/137312"}],"wp:attachment":[{"href":"https:\/\/www.europesays.com\/se\/wp-json\/wp\/v2\/media?parent=137311"}],"wp:term":[{"taxonomy":"category","embeddable":true,"href":"https:\/\/www.europesays.com\/se\/wp-json\/wp\/v2\/categories?post=137311"},{"taxonomy":"post_tag","embeddable":true,"href":"https:\/\/www.europesays.com\/se\/wp-json\/wp\/v2\/tags?post=137311"}],"curies":[{"name":"wp","href":"https:\/\/api.w.org\/{rel}","templated":true}]}}