{"id":137317,"date":"2026-01-15T17:04:07","date_gmt":"2026-01-15T17:04:07","guid":{"rendered":"https:\/\/www.europesays.com\/se\/137317\/"},"modified":"2026-01-15T17:04:07","modified_gmt":"2026-01-15T17:04:07","slug":"aktien-stiger-35-efter-utokad-kapitalanskaffning","status":"publish","type":"post","link":"https:\/\/www.europesays.com\/se\/137317\/","title":{"rendered":"AKTIEN STIGER 35% EFTER UT\u00d6KAD KAPITALANSKAFFNING"},"content":{"rendered":"<p class=\"font-sans text-base text-text-main dark:text-text-main-dark font-normal leading-[1.4]\">STOCKHOLM (Nyhetsbyr\u00e5n Direkt) Diamantbolaget Lucara Diamonds aktie steg 35 procent i Stockholm p\u00e5 torsdagseftermiddagen i sp\u00e5ren av att bolaget tidigt p\u00e5 torsdagen meddelade om en ut\u00f6kning av den riktade emission som kommunicerades i fredags. Lucara Diamond tar nu in totalt 165 miljoner kanandensiska dollar till kursen 0:16 kanadensiska dollar per aktie (motsvarande cirka 1:06 kronor), vilket kan j\u00e4mf\u00f6ras med det tidigare beskedet om minst 70 miljoner kanadadollar till samma kurs.<\/p>\n<p class=\"font-sans text-base text-text-main dark:text-text-main-dark font-normal leading-[1.4]\">Lucara Diamond uppgav i nattens pressmeddelande att bolaget \u00e4r n\u00f6jt med att meddela att tack vare stark efterfr\u00e5gan har bolaget valt att \u00f6ka storleken p\u00e5 den tidigare aviserade riktade emissionen.<\/p>\n<p class=\"font-sans text-base text-text-main dark:text-text-main-dark font-normal leading-[1.4]\">&#8221;Beslutet att \u00f6ka storleken p\u00e5 aktiefinansieringen speglar stark investerarefterfr\u00e5gan, ledd av det fortsatta st\u00f6det av Lundinfamiljens stiftelser. \u00d6kningen st\u00e4rker p\u00e5 ett meningsfullt s\u00e4tt f\u00f6retagets f\u00f6rm\u00e5ga att f\u00f6ra underjordsprojektet Karowe fram\u00e5t och att exekvera p\u00e5 utvecklingen r\u00f6rande avg\u00f6rande milstolpar f\u00f6r 2026&#8221;, s\u00e4ger Lucaras vd William Lamb.<\/p>\n<p class=\"font-sans text-base text-text-main dark:text-text-main-dark font-normal leading-[1.4]\">Lucara-aktien tog fart i Stockholm ungef\u00e4r i samband med att handeln drog ig\u00e5ng p\u00e5 Toronto-b\u00f6rsen, d\u00e4r diamantbolaget ocks\u00e5 \u00e4r noterat.<\/p>\n<p class=\"font-sans text-base text-text-main dark:text-text-main-dark font-normal leading-[1.4]\">Johan Lind +46 8 5191 7954<\/p>\n<p class=\"font-sans text-base text-text-main dark:text-text-main-dark font-normal leading-[1.4]\">Nyhetsbyr\u00e5n Direkt<\/p>\n","protected":false},"excerpt":{"rendered":"STOCKHOLM (Nyhetsbyr\u00e5n Direkt) Diamantbolaget Lucara Diamonds aktie steg 35 procent i Stockholm p\u00e5 torsdagseftermiddagen i sp\u00e5ren av att&hellip;\n","protected":false},"author":2,"featured_media":119816,"comment_status":"","ping_status":"","sticky":false,"template":"","format":"standard","meta":{"footnotes":""},"categories":[65],"tags":[72,70,71,34,31,33,32,30],"class_list":{"0":"post-137317","1":"post","2":"type-post","3":"status-publish","4":"format-standard","5":"has-post-thumbnail","7":"category-ekonomi","8":"tag-business","9":"tag-economy","10":"tag-ekonomi","11":"tag-se","12":"tag-svenska","13":"tag-sverige","14":"tag-sweden","15":"tag-swedish"},"share_on_mastodon":{"url":"https:\/\/pubeurope.com\/@se\/115900203828013174","error":""},"_links":{"self":[{"href":"https:\/\/www.europesays.com\/se\/wp-json\/wp\/v2\/posts\/137317","targetHints":{"allow":["GET"]}}],"collection":[{"href":"https:\/\/www.europesays.com\/se\/wp-json\/wp\/v2\/posts"}],"about":[{"href":"https:\/\/www.europesays.com\/se\/wp-json\/wp\/v2\/types\/post"}],"author":[{"embeddable":true,"href":"https:\/\/www.europesays.com\/se\/wp-json\/wp\/v2\/users\/2"}],"replies":[{"embeddable":true,"href":"https:\/\/www.europesays.com\/se\/wp-json\/wp\/v2\/comments?post=137317"}],"version-history":[{"count":0,"href":"https:\/\/www.europesays.com\/se\/wp-json\/wp\/v2\/posts\/137317\/revisions"}],"wp:featuredmedia":[{"embeddable":true,"href":"https:\/\/www.europesays.com\/se\/wp-json\/wp\/v2\/media\/119816"}],"wp:attachment":[{"href":"https:\/\/www.europesays.com\/se\/wp-json\/wp\/v2\/media?parent=137317"}],"wp:term":[{"taxonomy":"category","embeddable":true,"href":"https:\/\/www.europesays.com\/se\/wp-json\/wp\/v2\/categories?post=137317"},{"taxonomy":"post_tag","embeddable":true,"href":"https:\/\/www.europesays.com\/se\/wp-json\/wp\/v2\/tags?post=137317"}],"curies":[{"name":"wp","href":"https:\/\/api.w.org\/{rel}","templated":true}]}}