{"id":137318,"date":"2026-01-15T17:06:24","date_gmt":"2026-01-15T17:06:24","guid":{"rendered":"https:\/\/www.europesays.com\/se\/137318\/"},"modified":"2026-01-15T17:06:24","modified_gmt":"2026-01-15T17:06:24","slug":"betalade-inte-skadestand-efter-dodsfallet-nerikes-allehanda","status":"publish","type":"post","link":"https:\/\/www.europesays.com\/se\/137318\/","title":{"rendered":"Betalade inte skadest\u00e5nd efter d\u00f6dsfallet \u2013 Nerikes Allehanda"},"content":{"rendered":"<p>Peter Mossb\u00e4ck dog i en olycka p\u00e5 sin arbetsplats. <\/p>\n<p>F\u00f6r det skulle hans anh\u00f6riga f\u00e5 skadest\u00e5nd. <\/p>\n<p>Men de har inte f\u00e5tt n\u00e5got \u2013 pappersbruket Billerud, som skulle betala ut det visste inte hur de skulle g\u00f6ra. <\/p>\n<p>\u2013 Pengarna \u00e4r inte viktiga, jag vill bara att processen ska vara \u00f6ver och att Peter f\u00e5r ett v\u00e4rdigt slut, s\u00e4ger Paula Mossb\u00e4ck. <\/p>\n<p><img loading=\"lazy\" decoding=\"async\" width=\"980\" height=\"551\" class=\"article-image article-image--featured\" alt=\"Paula och Peter Mossb\u00e4ck skulle gifta om sig. Efter en tid is\u00e4r hade de hittat tillbaka till varandra \u2013 och ville f\u00f6rnya \u00e4ktenskapet. Men f\u00f6r tv\u00e5 \u00e5r sedan, bara m\u00e5nader innan det nya br\u00f6llopet, d\u00f6r Peter p\u00e5 jobbet. \" src=\"https:\/\/www.europesays.com\/se\/wp-content\/uploads\/2026\/01\/6c376803-5bef-498a-92ea-9fe621087932.jpeg\"  \/><a class=\"article__lightbox-link\" href=\"https:\/\/static.bonniernews.se\/ba\/6c376803-5bef-498a-92ea-9fe621087932.jpeg?crop=6000%2C3375%2Cx0%2Cy440&amp;width=1400&amp;format=pjpg&amp;auto=avif\" data-pswp-width=\"1400\" data-pswp-height=\"788\" data-pswp-caption=\"Paula och Peter Mossb\u00e4ck skulle gifta om sig. Efter en tid is\u00e4r hade de hittat tillbaka till varandra \u2013 och ville f\u00f6rnya \u00e4ktenskapet. Men f\u00f6r tv\u00e5 \u00e5r sedan, bara m\u00e5nader innan det nya br\u00f6llopet, d\u00f6r Peter p\u00e5 jobbet.  Bild: Johan Nilsson \/ TT\" data-pswp- rel=\"nofollow noopener\" target=\"_blank\">\u00d6ppna bild i helsk\u00e4rmsl\u00e4ge<\/a><\/p>\n<p class=\"txt-style-muted\" aria-hidden=\"true\">Paula och Peter Mossb\u00e4ck skulle gifta om sig. Efter en tid is\u00e4r hade de hittat tillbaka till varandra \u2013 och ville f\u00f6rnya \u00e4ktenskapet. Men f\u00f6r tv\u00e5 \u00e5r sedan, bara m\u00e5nader innan det nya br\u00f6llopet, d\u00f6r Peter p\u00e5 jobbet. <\/p>\n<p class=\"article__figcaption-attribution txt-style-muted\">Bild: Johan Nilsson \/ TT<\/p>\n<p>Pappersbruket Billerud i Fr\u00f6vi d\u00f6mdes i juni tidigare i \u00e5r till rekordh\u00f6ga b\u00f6ter och skadest\u00e5nd efter att en av deras anst\u00e4llda, Peter Mossb\u00e4ck, dog i en olycka p\u00e5 jobbet. <\/p>\n<p>Tekniskt fel<\/p>\n<p class=\"message__text txt-ui txt-ui-2\">V\u00e4nligen f\u00f6rs\u00f6k igen senare.<\/p>\n<p>Den h\u00e4r artikeln \u00e4r bara f\u00f6r prenumeranter<\/p>\n<p class=\"txt-body txt-body-1\">Om du redan \u00e4r prenumerant: logga in!<\/p>\n","protected":false},"excerpt":{"rendered":"Peter Mossb\u00e4ck dog i en olycka p\u00e5 sin arbetsplats. F\u00f6r det skulle hans anh\u00f6riga f\u00e5 skadest\u00e5nd. Men de&hellip;\n","protected":false},"author":2,"featured_media":137319,"comment_status":"","ping_status":"","sticky":false,"template":"","format":"standard","meta":{"footnotes":""},"categories":[12],"tags":[22,23,26,27,17,21,24,25,28,29,15,16,18,34,31,33,32,30,19,20],"class_list":{"0":"post-137318","1":"post","2":"type-post","3":"status-publish","4":"format-standard","5":"has-post-thumbnail","7":"category-sverige","8":"tag-breaking-news","9":"tag-breakingnews","10":"tag-featured-news","11":"tag-featurednews","12":"tag-headlines","13":"tag-huvudnyheter","14":"tag-latest-news","15":"tag-latestnews","16":"tag-main-news","17":"tag-mainnews","18":"tag-news","19":"tag-nyheter","20":"tag-rubriker","21":"tag-se","22":"tag-svenska","23":"tag-sverige","24":"tag-sweden","25":"tag-swedish","26":"tag-top-stories","27":"tag-topstories"},"share_on_mastodon":{"url":"https:\/\/pubeurope.com\/@se\/115900211750724353","error":""},"_links":{"self":[{"href":"https:\/\/www.europesays.com\/se\/wp-json\/wp\/v2\/posts\/137318","targetHints":{"allow":["GET"]}}],"collection":[{"href":"https:\/\/www.europesays.com\/se\/wp-json\/wp\/v2\/posts"}],"about":[{"href":"https:\/\/www.europesays.com\/se\/wp-json\/wp\/v2\/types\/post"}],"author":[{"embeddable":true,"href":"https:\/\/www.europesays.com\/se\/wp-json\/wp\/v2\/users\/2"}],"replies":[{"embeddable":true,"href":"https:\/\/www.europesays.com\/se\/wp-json\/wp\/v2\/comments?post=137318"}],"version-history":[{"count":0,"href":"https:\/\/www.europesays.com\/se\/wp-json\/wp\/v2\/posts\/137318\/revisions"}],"wp:featuredmedia":[{"embeddable":true,"href":"https:\/\/www.europesays.com\/se\/wp-json\/wp\/v2\/media\/137319"}],"wp:attachment":[{"href":"https:\/\/www.europesays.com\/se\/wp-json\/wp\/v2\/media?parent=137318"}],"wp:term":[{"taxonomy":"category","embeddable":true,"href":"https:\/\/www.europesays.com\/se\/wp-json\/wp\/v2\/categories?post=137318"},{"taxonomy":"post_tag","embeddable":true,"href":"https:\/\/www.europesays.com\/se\/wp-json\/wp\/v2\/tags?post=137318"}],"curies":[{"name":"wp","href":"https:\/\/api.w.org\/{rel}","templated":true}]}}