{"id":137322,"date":"2026-01-15T17:09:09","date_gmt":"2026-01-15T17:09:09","guid":{"rendered":"https:\/\/www.europesays.com\/se\/137322\/"},"modified":"2026-01-15T17:09:09","modified_gmt":"2026-01-15T17:09:09","slug":"fortydligar-ska-kontakta-samebyn-vasterbottens-kuriren","status":"publish","type":"post","link":"https:\/\/www.europesays.com\/se\/137322\/","title":{"rendered":"F\u00f6rtydligar: Ska kontakta samebyn &#8211; V\u00e4sterbottens-Kuriren"},"content":{"rendered":"<ol>\n<li><a href=\"https:\/\/news.google.com\/rss\/articles\/CBMid0FVX3lxTFBaeFl0c3JoRHM5YmRoTklSM0lXWWltVEJJNEtTU25YUHlYR0VZRXJMS3RZQ2JkMFgxZ2g4dFY3WUx6M0s2R0R6V3h6VW53ZVEtMlRkRlJRNkxoeXdON3pjV2pjcmxnaGhMemJSTTFrS05ydmtyZXo4?oc=5\" target=\"_blank\" rel=\"nofollow noopener\">F\u00f6rtydligar: Ska kontakta samebyn<\/a>&nbsp;&nbsp;V\u00e4sterbottens-Kuriren<\/li>\n<li><a href=\"https:\/\/news.google.com\/rss\/articles\/CBMigAFBVV95cUxPWHM4V1lTdkd1TnhuUnNPQkc2OEgtWXF5b2NwMUF2RWs0UUdfQ0c3a3BOSFBHSW9XZXFFWHpfaXh1NGhKeTA3V3ZYVThlOE5GUFZKaVc5MUhLT090eTJiNnZzY0Rfc1UwdGxyRFhLNFZhMDZ4Vk5vb0o2S05LVEx3NQ?oc=5\" target=\"_blank\" rel=\"nofollow noopener\">Turerna i rallybr\u00e5ket i Ume\u00e5<\/a>&nbsp;&nbsp;SVT Nyheter<\/li>\n<li><a href=\"https:\/\/news.google.com\/rss\/articles\/CBMixgFBVV95cUxORjJ6c2VzOXR5cExOaHVRT3E0WXZrdXlVRkFpazlralJVNk5EVUhQNkttX1AxdE5Md3gweGFXdE01VGVlU2EyVGhhZ3JybWZ2T2d1RHRyQlN6QWxpcGJQc09WclVTMmJGbkNDZ3lBN3g2QnBfTWpJRXZRal9ZTjB1NzVrczE0aldzR196MnhWZGVoanA4SWZVRHFxYzBNWFRPMGtfUjRxdTJLSkxReTljczMxZVRnVkhyakZiczFmNzVaNVVNaFE?oc=5\" target=\"_blank\" rel=\"nofollow noopener\">Transportstyrelsen avsl\u00e5r \u00f6verklagan efter HFD:s avg\u00f6rande<\/a>&nbsp;&nbsp;Via TT<\/li>\n<li><a href=\"https:\/\/news.google.com\/rss\/articles\/CBMidkFVX3lxTE9sV3FzOWRrM2NrZU8tMVp6cXhtaDRlSWFfS2FkaDVRTzhMVzBaS1FVUTBiek1GVGFpalR5WnBZNHRwOUhTWDhsRUtKQmh6bk5PUkVGYWFydVZNakFTR1VleVE2U29uSWR0VWVEQVJScVlCZlVnUlE?oc=5\" target=\"_blank\" rel=\"nofollow noopener\">Nya beskedet \u2013 nekas pr\u00f6vning<\/a>&nbsp;&nbsp;Folkbladet<\/li>\n<li><a href=\"https:\/\/news.google.com\/rss\/articles\/CBMia0FVX3lxTE12TTJnVE1vNG5pTXhZWi1uWG9SRUlmbVdqb05wUDZFWTdTMmwxLWxsWFRqZ3dXUFRWZmc2UEI3QnczcGdXbURQQnA5RmxQQnNPWHJHckRjNUVGdnZPTEh3SkZFWU1GVmN2Q3I4?oc=5\" target=\"_blank\" rel=\"nofollow noopener\">Swecon forts\u00e4tter som Official Partner till Rally Sweden 2026.<\/a>&nbsp;&nbsp;emotorsport<\/li>\n<\/ol>\n","protected":false},"excerpt":{"rendered":"F\u00f6rtydligar: Ska kontakta samebyn&nbsp;&nbsp;V\u00e4sterbottens-Kuriren Turerna i rallybr\u00e5ket i Ume\u00e5&nbsp;&nbsp;SVT Nyheter Transportstyrelsen avsl\u00e5r \u00f6verklagan efter HFD:s avg\u00f6rande&nbsp;&nbsp;Via TT Nya&hellip;\n","protected":false},"author":2,"featured_media":137323,"comment_status":"","ping_status":"","sticky":false,"template":"","format":"standard","meta":{"footnotes":""},"categories":[68],"tags":[34,111,110,31,33,32,30],"class_list":{"0":"post-137322","1":"post","2":"type-post","3":"status-publish","4":"format-standard","5":"has-post-thumbnail","7":"category-sport","8":"tag-se","9":"tag-sport","10":"tag-sports","11":"tag-svenska","12":"tag-sverige","13":"tag-sweden","14":"tag-swedish"},"share_on_mastodon":{"url":"https:\/\/pubeurope.com\/@se\/115900223474206994","error":""},"_links":{"self":[{"href":"https:\/\/www.europesays.com\/se\/wp-json\/wp\/v2\/posts\/137322","targetHints":{"allow":["GET"]}}],"collection":[{"href":"https:\/\/www.europesays.com\/se\/wp-json\/wp\/v2\/posts"}],"about":[{"href":"https:\/\/www.europesays.com\/se\/wp-json\/wp\/v2\/types\/post"}],"author":[{"embeddable":true,"href":"https:\/\/www.europesays.com\/se\/wp-json\/wp\/v2\/users\/2"}],"replies":[{"embeddable":true,"href":"https:\/\/www.europesays.com\/se\/wp-json\/wp\/v2\/comments?post=137322"}],"version-history":[{"count":0,"href":"https:\/\/www.europesays.com\/se\/wp-json\/wp\/v2\/posts\/137322\/revisions"}],"wp:featuredmedia":[{"embeddable":true,"href":"https:\/\/www.europesays.com\/se\/wp-json\/wp\/v2\/media\/137323"}],"wp:attachment":[{"href":"https:\/\/www.europesays.com\/se\/wp-json\/wp\/v2\/media?parent=137322"}],"wp:term":[{"taxonomy":"category","embeddable":true,"href":"https:\/\/www.europesays.com\/se\/wp-json\/wp\/v2\/categories?post=137322"},{"taxonomy":"post_tag","embeddable":true,"href":"https:\/\/www.europesays.com\/se\/wp-json\/wp\/v2\/tags?post=137322"}],"curies":[{"name":"wp","href":"https:\/\/api.w.org\/{rel}","templated":true}]}}