{"id":137325,"date":"2026-01-15T17:13:07","date_gmt":"2026-01-15T17:13:07","guid":{"rendered":"https:\/\/www.europesays.com\/se\/137325\/"},"modified":"2026-01-15T17:13:07","modified_gmt":"2026-01-15T17:13:07","slug":"sd-begar-att-katja-nyberg-entledigas-expressen","status":"publish","type":"post","link":"https:\/\/www.europesays.com\/se\/137325\/","title":{"rendered":"SD beg\u00e4r att Katja Nyberg entledigas &#8211; Expressen"},"content":{"rendered":"<ol>\n<li><a href=\"https:\/\/news.google.com\/rss\/articles\/CBMilwFBVV95cUxPNUxMamlnazhZS20tWmxWZEgyXzlKWGhSbzBlMlJ4c1ZIaERrRWtvLVQtSnlsSWFZczBweVgzS2N3NFNmdy1RZ0FvNmNkS2h0eUJiczN2dmsza1dGajEta3NBcElrb1owMmRxd1VxMWlrZkVrMEJZTFNrdkpMNGpldmxFNWJYdEkyN0dxZ3hOdEJnNHJfcXZN?oc=5\" target=\"_blank\" rel=\"nofollow noopener\">SD beg\u00e4r att Katja Nyberg entledigas<\/a>&nbsp;&nbsp;Expressen<\/li>\n<li><a href=\"https:\/\/news.google.com\/rss\/articles\/CBMiigFBVV95cUxPWWIwNlVpdHdMbENGMXowbDFITGRIQk5VUTJCbURhcnVuZUJrZVJ6WXZzWEVCR3VxTzZzM0JabDVrR19RMC05c2xGUEVMZTJWTmw0V3d6eU9JZlQxN1NmR25vWnJDOTl0RnhwclB3UWl5Sld4VHZWTy1ldkU0TDdmYUZGdVZnOTZFZGc?oc=5\" target=\"_blank\" rel=\"nofollow noopener\">USA-sanktioner mot Irans s\u00e4kerhetsr\u00e5d och banker<\/a>&nbsp;&nbsp;Aftonbladet<\/li>\n<li><a href=\"https:\/\/news.google.com\/rss\/articles\/CBMifkFVX3lxTE5kaE9yalRsNFJ1RHI0MlFtMzNuSFYtbWJhTUZkNTRpUnJvbUN4SnhVV2JSa0dJcVFLY2R3OGd5aHVWSHFFVXRrOUk4emVMblZ5MUNlSU0ydXdoVk5DZzlKbGkySGVJbWtqLU03SkI3dzVWRFVtSVVqc3NpWnFvUQ?oc=5\" target=\"_blank\" rel=\"nofollow noopener\">Oljepriset faller efter Trumps utspel om Iran<\/a>&nbsp;&nbsp;SvD<\/li>\n<li><a href=\"https:\/\/news.google.com\/rss\/articles\/CBMirgFBVV95cUxQdlJtOFA0T2ZEWkRydXU1SWFRUk1YOFFaVG5yWlJGWENoT2tTeUhHTEtWNEZfQnJlVGhWdHk5MC1Rc0NYZVVqT3hIZng0YXZ3cFNnZlVycVdXZE9jUlQyVXpjeW5lWnNVYjE3VkZjbjJWUTZaSWJhdXJlMkdzdl9nVy1rNWRNcHRybFVURmNIZkQzaHBXSmJhTl8wNWxuX0hEUUozcjJmaUxkRk5qWGc?oc=5\" target=\"_blank\" rel=\"nofollow noopener\">Trump: \u201dL\u00e4nder som handlar med Iran straffas\u201d \u2013 Senaste nytt om protesterna i Iran<\/a>&nbsp;&nbsp;SVT Nyheter<\/li>\n<li><a href=\"https:\/\/news.google.com\/rss\/articles\/CBMivAFBVV95cUxNcUg0dzhwWU9TbHR2MGFVN1o0ZHhBTHJNR216NFZFeTBNdnZpNE40eWphQU1wTHQtNVl5YUF3NnpWOUU2bjRaYk9aQ2NyTTNJVkp6d2pPVmR4cy1Fc2JDbXhkTGZRU290QTVvYUlRdDh0US1qc1FQUnkxMk5sYUQxNmloMF8xTW8ybGFjV25fMHd5Ml9YWFJDeXo1SlZGYmZZVVhFN1J0NF9iNTdNalRzVDJTUEtFN2trTWZBUQ?oc=5\" target=\"_blank\" rel=\"nofollow noopener\">Trump hotar med tullar mot l\u00e4nder som handlar med Iran \u2013 ekonom analyserar effekterna<\/a>&nbsp;&nbsp;Sveriges Radio<\/li>\n<\/ol>\n","protected":false},"excerpt":{"rendered":"SD beg\u00e4r att Katja Nyberg entledigas&nbsp;&nbsp;Expressen USA-sanktioner mot Irans s\u00e4kerhetsr\u00e5d och banker&nbsp;&nbsp;Aftonbladet Oljepriset faller efter Trumps utspel om&hellip;\n","protected":false},"author":2,"featured_media":39,"comment_status":"","ping_status":"","sticky":false,"template":"","format":"standard","meta":{"footnotes":""},"categories":[14],"tags":[22,23,26,27,17,21,24,25,28,29,15,16,18,34,31,33,32,30,19,20,51,52,53,54],"class_list":{"0":"post-137325","1":"post","2":"type-post","3":"status-publish","4":"format-standard","5":"has-post-thumbnail","7":"category-varlden","8":"tag-breaking-news","9":"tag-breakingnews","10":"tag-featured-news","11":"tag-featurednews","12":"tag-headlines","13":"tag-huvudnyheter","14":"tag-latest-news","15":"tag-latestnews","16":"tag-main-news","17":"tag-mainnews","18":"tag-news","19":"tag-nyheter","20":"tag-rubriker","21":"tag-se","22":"tag-svenska","23":"tag-sverige","24":"tag-sweden","25":"tag-swedish","26":"tag-top-stories","27":"tag-topstories","28":"tag-varlden","29":"tag-world","30":"tag-world-news","31":"tag-worldnews"},"share_on_mastodon":{"url":"https:\/\/pubeurope.com\/@se\/115900239320872479","error":""},"_links":{"self":[{"href":"https:\/\/www.europesays.com\/se\/wp-json\/wp\/v2\/posts\/137325","targetHints":{"allow":["GET"]}}],"collection":[{"href":"https:\/\/www.europesays.com\/se\/wp-json\/wp\/v2\/posts"}],"about":[{"href":"https:\/\/www.europesays.com\/se\/wp-json\/wp\/v2\/types\/post"}],"author":[{"embeddable":true,"href":"https:\/\/www.europesays.com\/se\/wp-json\/wp\/v2\/users\/2"}],"replies":[{"embeddable":true,"href":"https:\/\/www.europesays.com\/se\/wp-json\/wp\/v2\/comments?post=137325"}],"version-history":[{"count":0,"href":"https:\/\/www.europesays.com\/se\/wp-json\/wp\/v2\/posts\/137325\/revisions"}],"wp:featuredmedia":[{"embeddable":true,"href":"https:\/\/www.europesays.com\/se\/wp-json\/wp\/v2\/media\/39"}],"wp:attachment":[{"href":"https:\/\/www.europesays.com\/se\/wp-json\/wp\/v2\/media?parent=137325"}],"wp:term":[{"taxonomy":"category","embeddable":true,"href":"https:\/\/www.europesays.com\/se\/wp-json\/wp\/v2\/categories?post=137325"},{"taxonomy":"post_tag","embeddable":true,"href":"https:\/\/www.europesays.com\/se\/wp-json\/wp\/v2\/tags?post=137325"}],"curies":[{"name":"wp","href":"https:\/\/api.w.org\/{rel}","templated":true}]}}