{"id":137328,"date":"2026-01-15T17:15:09","date_gmt":"2026-01-15T17:15:09","guid":{"rendered":"https:\/\/www.europesays.com\/se\/137328\/"},"modified":"2026-01-15T17:15:09","modified_gmt":"2026-01-15T17:15:09","slug":"ty-rattie-lamnar-linkoping-hc","status":"publish","type":"post","link":"https:\/\/www.europesays.com\/se\/137328\/","title":{"rendered":"Ty Rattie l\u00e4mnar Link\u00f6ping HC"},"content":{"rendered":"<p><strong>Ty Rattie, 32, l\u00e4mnar Link\u00f6ping HC med omedelbar verkan.<br \/>Stj\u00e4rnforwarden har haft en synnerligen tuff s\u00e4song \u2013 och l\u00e4mnar nu f\u00f6r spel i Roger R\u00f6nnbergs schweiziska klubb.<br \/>\u2013\u00a0Det \u00e4r naturligtvis ett tr\u00e5kigt beslut, s\u00e4ger LHC:s sportchef Peter Jakobsson.<\/strong><\/p>\n<p><img loading=\"lazy\" decoding=\"async\" width=\"1024\" height=\"682\" src=\"https:\/\/www.europesays.com\/se\/wp-content\/uploads\/2026\/01\/BB260103PA030-1024x682.webp.webp\" alt=\"\" class=\"wp-image-345797\"  \/>Ty Rattie har spelat klart i LHC.<br \/>\nFoto: Petter Arvidson \/ Bildbyr\u00e5n<\/p>\n<p>165 po\u00e4ng p\u00e5 fyra s\u00e4songer. Kanadensaren<a href=\"https:\/\/hockeysverige.se\/spelare\/ty-rattie\" rel=\"nofollow noopener\" target=\"_blank\"> Ty Rattie<\/a> var i flera \u00e5r en ledande spelare i <a href=\"https:\/\/hockeysverige.se\/shl\" rel=\"nofollow noopener\" target=\"_blank\">SHL<\/a> f\u00f6r <a href=\"https:\/\/hockeysverige.se\/klubb\/linkoping-hc\" rel=\"nofollow noopener\" target=\"_blank\">Link\u00f6ping HC<\/a> och r\u00e4knades in som en nyckelspelare inf\u00f6r den innevarande s\u00e4songen. Men under Mikael \u201dMusse\u201d H\u00e5kansons ledning har han i st\u00e4llet blivit en mindre uppskattad spelare.<\/p>\n<p>Han har f\u00e5tt spela l\u00e4ngre ner i hierarkin och bara registrerat sex po\u00e4ng varav fem m\u00e5l p\u00e5 30 matcher. Han har till och med funnit sig petad i en del matcher.<\/p>\n<p>G\u00e5r till R\u00f6nnbergs klubb<\/p>\n<p>Nu st\u00e5r det klart att Ty Rattie sl\u00e4pps av LHC och att ny klubbadress blir schweiziska Fribourg-Gotteron. D\u00e4rmed blir han ett tillskott f\u00f6r Roger R\u00f6nnberg med omedelbar verkan.<\/p>\n<p>\u2013\u00a0Det \u00e4r naturligtvis ett tr\u00e5kigt beslut, men vi har haft en \u00f6msesidig dialog och kommit fram till att detta \u00e4r det b\u00e4sta f\u00f6r b\u00e5da parter. Ty \u00e4r en spelare som vill spela h\u00f6gre upp i hierarkin, och i nul\u00e4get kan vi inte erbjuda honom den m\u00f6jligheten, s\u00e4ger Peter Jakobsson i ett pressmeddelande.<\/p>\n<p> Source: <a href=\"https:\/\/www.eliteprospects.com\/player\/26385\/ty-rattie\" target=\"_blank\" rel=\"noopener noreferrer nofollow\">Ty Rattie<\/a> @ Elite Prospects<\/p>\n","protected":false},"excerpt":{"rendered":"Ty Rattie, 32, l\u00e4mnar Link\u00f6ping HC med omedelbar verkan.Stj\u00e4rnforwarden har haft en synnerligen tuff s\u00e4song \u2013 och l\u00e4mnar&hellip;\n","protected":false},"author":2,"featured_media":137329,"comment_status":"","ping_status":"","sticky":false,"template":"","format":"standard","meta":{"footnotes":""},"categories":[5],"tags":[22,23,26,27,17,21,24,25,28,29,15,16,18,34,133,134,31,33,32,30,19,20],"class_list":{"0":"post-137328","1":"post","2":"type-post","3":"status-publish","4":"format-standard","5":"has-post-thumbnail","7":"category-rubriker","8":"tag-breaking-news","9":"tag-breakingnews","10":"tag-featured-news","11":"tag-featurednews","12":"tag-headlines","13":"tag-huvudnyheter","14":"tag-latest-news","15":"tag-latestnews","16":"tag-main-news","17":"tag-mainnews","18":"tag-news","19":"tag-nyheter","20":"tag-rubriker","21":"tag-se","22":"tag-second-news","23":"tag-shl","24":"tag-svenska","25":"tag-sverige","26":"tag-sweden","27":"tag-swedish","28":"tag-top-stories","29":"tag-topstories"},"share_on_mastodon":{"url":"https:\/\/pubeurope.com\/@se\/115900247125556074","error":""},"_links":{"self":[{"href":"https:\/\/www.europesays.com\/se\/wp-json\/wp\/v2\/posts\/137328","targetHints":{"allow":["GET"]}}],"collection":[{"href":"https:\/\/www.europesays.com\/se\/wp-json\/wp\/v2\/posts"}],"about":[{"href":"https:\/\/www.europesays.com\/se\/wp-json\/wp\/v2\/types\/post"}],"author":[{"embeddable":true,"href":"https:\/\/www.europesays.com\/se\/wp-json\/wp\/v2\/users\/2"}],"replies":[{"embeddable":true,"href":"https:\/\/www.europesays.com\/se\/wp-json\/wp\/v2\/comments?post=137328"}],"version-history":[{"count":0,"href":"https:\/\/www.europesays.com\/se\/wp-json\/wp\/v2\/posts\/137328\/revisions"}],"wp:featuredmedia":[{"embeddable":true,"href":"https:\/\/www.europesays.com\/se\/wp-json\/wp\/v2\/media\/137329"}],"wp:attachment":[{"href":"https:\/\/www.europesays.com\/se\/wp-json\/wp\/v2\/media?parent=137328"}],"wp:term":[{"taxonomy":"category","embeddable":true,"href":"https:\/\/www.europesays.com\/se\/wp-json\/wp\/v2\/categories?post=137328"},{"taxonomy":"post_tag","embeddable":true,"href":"https:\/\/www.europesays.com\/se\/wp-json\/wp\/v2\/tags?post=137328"}],"curies":[{"name":"wp","href":"https:\/\/api.w.org\/{rel}","templated":true}]}}