{"id":137346,"date":"2026-01-15T17:30:11","date_gmt":"2026-01-15T17:30:11","guid":{"rendered":"https:\/\/www.europesays.com\/se\/137346\/"},"modified":"2026-01-15T17:30:11","modified_gmt":"2026-01-15T17:30:11","slug":"flicka-i-lulea-dog-av-overdos-misstankt-dok-upp-pa-begravningen-med-hammare","status":"publish","type":"post","link":"https:\/\/www.europesays.com\/se\/137346\/","title":{"rendered":"Flicka i Lule\u00e5 dog av \u00f6verdos: Misst\u00e4nkt d\u00f6k upp p\u00e5 begravningen med hammare"},"content":{"rendered":"<p>Det var i december som <a href=\"https:\/\/www.svt.se\/nyheter\/lokalt\/norrbotten\/luleaflickan-dog-av-misstankt-overdos-hittades-i-kommunalt-stodboende\" rel=\"nofollow noopener\" target=\"_blank\">flickan hittades livl\u00f6s i mannens bostad<\/a>. Enligt det prelimin\u00e4ra utl\u00e5tandet fr\u00e5n R\u00e4ttsmedicinalverket avled flickan av en \u00f6verdos.<\/p>\n<p>Mannen misst\u00e4nks f\u00f6r grovt v\u00e5llande till annans d\u00f6d, \u00f6verl\u00e5telse av narkotika och narkotikabrott d\u00e5 man tror att det \u00e4r han som har f\u00f6rsett flickan med narkotika och indirekt bidragit till hennes d\u00f6d.<\/p>\n<p>Efter att mannen, som \u00e4r i 30-\u00e5rs\u00e5ldern, sl\u00e4pptes p\u00e5 fri fot ska han ha ringt familjen upprepade g\u00e5nger och kr\u00e4vt att f\u00e5 g\u00e5 p\u00e5 begravningen med hot om v\u00e5ld om han nekas. <\/p>\n<p>P\u00e5 grund av hotbilden var polisen p\u00e5 plats utanf\u00f6r kyrkan och de stoppade den misst\u00e4nkte n\u00e4r han kom dit med en hammare.<\/p>\n<p>\u2013 Nu \u00e4r han p\u00e5 sannolika sk\u00e4l misst\u00e4nkt f\u00f6r f\u00f6rberedelse till grov misshandel, ofredande och grovt brott mot knivlagen, s\u00e4ger \u00e5klagare Jonas Fjellstr\u00f6m.<\/p>\n<p>Mannen frihetsber\u00f6vades och vid lunchtid p\u00e5 torsdagen beslutade \u00e5klagaren att anh\u00e5lla honom. <\/p>\n<p>\u2013 Han nekar till brott, s\u00e4ger Fjellstr\u00f6m.<\/p>\n","protected":false},"excerpt":{"rendered":"Det var i december som flickan hittades livl\u00f6s i mannens bostad. Enligt det prelimin\u00e4ra utl\u00e5tandet fr\u00e5n R\u00e4ttsmedicinalverket avled&hellip;\n","protected":false},"author":2,"featured_media":137347,"comment_status":"","ping_status":"","sticky":false,"template":"","format":"standard","meta":{"footnotes":""},"categories":[12],"tags":[22,23,26,27,17,21,24,25,28,29,15,16,18,34,31,33,32,30,19,20],"class_list":{"0":"post-137346","1":"post","2":"type-post","3":"status-publish","4":"format-standard","5":"has-post-thumbnail","7":"category-sverige","8":"tag-breaking-news","9":"tag-breakingnews","10":"tag-featured-news","11":"tag-featurednews","12":"tag-headlines","13":"tag-huvudnyheter","14":"tag-latest-news","15":"tag-latestnews","16":"tag-main-news","17":"tag-mainnews","18":"tag-news","19":"tag-nyheter","20":"tag-rubriker","21":"tag-se","22":"tag-svenska","23":"tag-sverige","24":"tag-sweden","25":"tag-swedish","26":"tag-top-stories","27":"tag-topstories"},"share_on_mastodon":{"url":"https:\/\/pubeurope.com\/@se\/115900306170529161","error":""},"_links":{"self":[{"href":"https:\/\/www.europesays.com\/se\/wp-json\/wp\/v2\/posts\/137346","targetHints":{"allow":["GET"]}}],"collection":[{"href":"https:\/\/www.europesays.com\/se\/wp-json\/wp\/v2\/posts"}],"about":[{"href":"https:\/\/www.europesays.com\/se\/wp-json\/wp\/v2\/types\/post"}],"author":[{"embeddable":true,"href":"https:\/\/www.europesays.com\/se\/wp-json\/wp\/v2\/users\/2"}],"replies":[{"embeddable":true,"href":"https:\/\/www.europesays.com\/se\/wp-json\/wp\/v2\/comments?post=137346"}],"version-history":[{"count":0,"href":"https:\/\/www.europesays.com\/se\/wp-json\/wp\/v2\/posts\/137346\/revisions"}],"wp:featuredmedia":[{"embeddable":true,"href":"https:\/\/www.europesays.com\/se\/wp-json\/wp\/v2\/media\/137347"}],"wp:attachment":[{"href":"https:\/\/www.europesays.com\/se\/wp-json\/wp\/v2\/media?parent=137346"}],"wp:term":[{"taxonomy":"category","embeddable":true,"href":"https:\/\/www.europesays.com\/se\/wp-json\/wp\/v2\/categories?post=137346"},{"taxonomy":"post_tag","embeddable":true,"href":"https:\/\/www.europesays.com\/se\/wp-json\/wp\/v2\/tags?post=137346"}],"curies":[{"name":"wp","href":"https:\/\/api.w.org\/{rel}","templated":true}]}}