{"id":137361,"date":"2026-01-15T17:44:28","date_gmt":"2026-01-15T17:44:28","guid":{"rendered":"https:\/\/www.europesays.com\/se\/137361\/"},"modified":"2026-01-15T17:44:28","modified_gmt":"2026-01-15T17:44:28","slug":"arbetslosheten-pa-lagsta-nivan-sedan-2024","status":"publish","type":"post","link":"https:\/\/www.europesays.com\/se\/137361\/","title":{"rendered":"Arbetsl\u00f6sheten p\u00e5 l\u00e4gsta niv\u00e5n sedan 2024"},"content":{"rendered":"<p>Varslen om upps\u00e4gningar minskade kraftigt i december och arbetsl\u00f6sheten sj\u00f6nk till 6,8 procent \u2013 den l\u00e4gsta niv\u00e5n sedan v\u00e5ren 2024. Antalet varslade var knappt 2 900, betydligt f\u00e4rre \u00e4n tidigare m\u00e5nader.<\/p>\n<p>\u2212 V\u00e5ra senaste siffror visar p\u00e5 en ljusning, s\u00e4ger Arbetsf\u00f6rmedlingens analysdirekt\u00f6r Eva Samakovlis.<\/p>\n<p>Samtidigt fick fler arbetsl\u00f6sa jobb och antalet lediga platser \u00f6kade. D\u00e4remot forts\u00e4tter l\u00e5ngtidsarbetsl\u00f6sheten att \u00f6ka, med n\u00e4ra 152 000 personer utan arbete i minst ett \u00e5r.<\/p>\n<p>Omni \u00e4r politiskt obundna och oberoende. Vi str\u00e4var efter att ge fler perspektiv p\u00e5 nyheterna. Har du fr\u00e5gor eller synpunkter kring v\u00e5r rapportering? <a href=\"https:\/\/omni.se\/varslen-rasar-arbetslosheten-pa-lagsta-nivan-sedan-2024\/a\/mailto:redaktion@omni.se\" class=\"ArticleActions_contactLink__W2F1M\" rel=\"nofollow noopener\" target=\"_blank\">Kontakta redaktionen<\/a><\/p>\n","protected":false},"excerpt":{"rendered":"Varslen om upps\u00e4gningar minskade kraftigt i december och arbetsl\u00f6sheten sj\u00f6nk till 6,8 procent \u2013 den l\u00e4gsta niv\u00e5n sedan&hellip;\n","protected":false},"author":2,"featured_media":137362,"comment_status":"","ping_status":"","sticky":false,"template":"","format":"standard","meta":{"footnotes":""},"categories":[65],"tags":[1301,720,72,70,71,34,31,33,32,30],"class_list":{"0":"post-137361","1":"post","2":"type-post","3":"status-publish","4":"format-standard","5":"has-post-thumbnail","7":"category-ekonomi","8":"tag-arbetsformedlingen","9":"tag-arbetsmarknad","10":"tag-business","11":"tag-economy","12":"tag-ekonomi","13":"tag-se","14":"tag-svenska","15":"tag-sverige","16":"tag-sweden","17":"tag-swedish"},"share_on_mastodon":{"url":"https:\/\/pubeurope.com\/@se\/115900361155768363","error":""},"_links":{"self":[{"href":"https:\/\/www.europesays.com\/se\/wp-json\/wp\/v2\/posts\/137361","targetHints":{"allow":["GET"]}}],"collection":[{"href":"https:\/\/www.europesays.com\/se\/wp-json\/wp\/v2\/posts"}],"about":[{"href":"https:\/\/www.europesays.com\/se\/wp-json\/wp\/v2\/types\/post"}],"author":[{"embeddable":true,"href":"https:\/\/www.europesays.com\/se\/wp-json\/wp\/v2\/users\/2"}],"replies":[{"embeddable":true,"href":"https:\/\/www.europesays.com\/se\/wp-json\/wp\/v2\/comments?post=137361"}],"version-history":[{"count":0,"href":"https:\/\/www.europesays.com\/se\/wp-json\/wp\/v2\/posts\/137361\/revisions"}],"wp:featuredmedia":[{"embeddable":true,"href":"https:\/\/www.europesays.com\/se\/wp-json\/wp\/v2\/media\/137362"}],"wp:attachment":[{"href":"https:\/\/www.europesays.com\/se\/wp-json\/wp\/v2\/media?parent=137361"}],"wp:term":[{"taxonomy":"category","embeddable":true,"href":"https:\/\/www.europesays.com\/se\/wp-json\/wp\/v2\/categories?post=137361"},{"taxonomy":"post_tag","embeddable":true,"href":"https:\/\/www.europesays.com\/se\/wp-json\/wp\/v2\/tags?post=137361"}],"curies":[{"name":"wp","href":"https:\/\/api.w.org\/{rel}","templated":true}]}}