{"id":137363,"date":"2026-01-15T17:45:10","date_gmt":"2026-01-15T17:45:10","guid":{"rendered":"https:\/\/www.europesays.com\/se\/137363\/"},"modified":"2026-01-15T17:45:10","modified_gmt":"2026-01-15T17:45:10","slug":"tilltankt-ambassador-island-blir-usa-delstat","status":"publish","type":"post","link":"https:\/\/www.europesays.com\/se\/137363\/","title":{"rendered":"Tillt\u00e4nkt ambassad\u00f6r: Island blir USA-delstat"},"content":{"rendered":"<p>Efter president Donald Trumps krav p\u00e5 Gr\u00f6nland kan Island bli n\u00e4sta m\u00e5l. Eller?Den man Trump vill se som ambassad\u00f6r p\u00e5 Island, Billy Long, har \u00e5tminstone i kongressen sk\u00e4mtat om att landet \u201dkommer att bli USA:s 52:a delstat\u201d och han sj\u00e4lv guvern\u00f6r \u2013 vilket f\u00e5tt Islands utrikesdepartement att kr\u00e4va en f\u00f6rklaring, rapporterar Politico. Public service-bolaget R\u00fav rapport<\/p>\n","protected":false},"excerpt":{"rendered":"Efter president Donald Trumps krav p\u00e5 Gr\u00f6nland kan Island bli n\u00e4sta m\u00e5l. Eller?Den man Trump vill se som&hellip;\n","protected":false},"author":2,"featured_media":137364,"comment_status":"","ping_status":"","sticky":false,"template":"","format":"standard","meta":{"footnotes":""},"categories":[14],"tags":[22,23,26,27,17,21,24,25,28,29,15,16,18,34,31,33,32,30,19,20,51,52,53,54],"class_list":{"0":"post-137363","1":"post","2":"type-post","3":"status-publish","4":"format-standard","5":"has-post-thumbnail","7":"category-varlden","8":"tag-breaking-news","9":"tag-breakingnews","10":"tag-featured-news","11":"tag-featurednews","12":"tag-headlines","13":"tag-huvudnyheter","14":"tag-latest-news","15":"tag-latestnews","16":"tag-main-news","17":"tag-mainnews","18":"tag-news","19":"tag-nyheter","20":"tag-rubriker","21":"tag-se","22":"tag-svenska","23":"tag-sverige","24":"tag-sweden","25":"tag-swedish","26":"tag-top-stories","27":"tag-topstories","28":"tag-varlden","29":"tag-world","30":"tag-world-news","31":"tag-worldnews"},"share_on_mastodon":{"url":"https:\/\/pubeurope.com\/@se\/115900365211328390","error":""},"_links":{"self":[{"href":"https:\/\/www.europesays.com\/se\/wp-json\/wp\/v2\/posts\/137363","targetHints":{"allow":["GET"]}}],"collection":[{"href":"https:\/\/www.europesays.com\/se\/wp-json\/wp\/v2\/posts"}],"about":[{"href":"https:\/\/www.europesays.com\/se\/wp-json\/wp\/v2\/types\/post"}],"author":[{"embeddable":true,"href":"https:\/\/www.europesays.com\/se\/wp-json\/wp\/v2\/users\/2"}],"replies":[{"embeddable":true,"href":"https:\/\/www.europesays.com\/se\/wp-json\/wp\/v2\/comments?post=137363"}],"version-history":[{"count":0,"href":"https:\/\/www.europesays.com\/se\/wp-json\/wp\/v2\/posts\/137363\/revisions"}],"wp:featuredmedia":[{"embeddable":true,"href":"https:\/\/www.europesays.com\/se\/wp-json\/wp\/v2\/media\/137364"}],"wp:attachment":[{"href":"https:\/\/www.europesays.com\/se\/wp-json\/wp\/v2\/media?parent=137363"}],"wp:term":[{"taxonomy":"category","embeddable":true,"href":"https:\/\/www.europesays.com\/se\/wp-json\/wp\/v2\/categories?post=137363"},{"taxonomy":"post_tag","embeddable":true,"href":"https:\/\/www.europesays.com\/se\/wp-json\/wp\/v2\/tags?post=137363"}],"curies":[{"name":"wp","href":"https:\/\/api.w.org\/{rel}","templated":true}]}}