{"id":137378,"date":"2026-01-15T17:57:11","date_gmt":"2026-01-15T17:57:11","guid":{"rendered":"https:\/\/www.europesays.com\/se\/137378\/"},"modified":"2026-01-15T17:57:11","modified_gmt":"2026-01-15T17:57:11","slug":"bil-akte-ratt-in-i-kenny-jonssons-tradgard","status":"publish","type":"post","link":"https:\/\/www.europesays.com\/se\/137378\/","title":{"rendered":"Bil \u00e5kte r\u00e4tt in i Kenny J\u00f6nssons tr\u00e4dg\u00e5rd"},"content":{"rendered":"<p>Publicerad 15 jan 2026 kl 16.34Uppdaterad kl 16.47<\/p>\n<p>P\u00e5 onsdagen fick Kenny J\u00f6nsson ov\u00e4ntat bes\u00f6k.<\/p>\n<p>En bil brakade in i hockeyikonens tr\u00e4dg\u00e5rd.<\/p>\n<p>\u2013 Jag h\u00f6rde en stor sm\u00e4ll, s\u00e4ger vittnet Dicte Helmersson, 74.<\/p>\n<p><img   alt=\"\"\/><\/p>\n<p>Kenny J\u00f6nsson.<\/p>\n<p>Foto: Adam Johansson<\/p>\n<p>\u00d6ppna bild i helsk\u00e4rm<img loading=\"lazy\"   alt=\"\"\/> <\/p>\n<p>Foto: SIMON HASTEG\u00c5RD \/ BILDBYR\u00c5N<\/p>\n<p>\u00d6ppna bild i helsk\u00e4rm<\/p>\n<p>Det var vid 18-tiden p\u00e5 onsdagskv\u00e4llen som en personbil fick sladd i centrala \u00c4ngelholm.\u00a0<\/p>\n<p>Enligt <a href=\"https:\/\/www.hd.se\/angelholm\/bil-kraschade-rakt-in-i-kenny-jonssons-tradgard\/?utm_content=buffer5f349&amp;utm_medium=HD_Sporten&amp;utm_source=tw&amp;utm_campaign=bfr\" rel=\"nofollow noopener\" target=\"_blank\">HD<\/a>, som var f\u00f6rst att rapportera om olyckan, tappade bilen f\u00e4ste i blixthalkan och dundrade r\u00e4tt in i hockeyikonen <a href=\"https:\/\/www.expressen.se\/tagg\/person\/kenny-jonsson\/\" class=\"\" rel=\"nofollow noopener\" target=\"_blank\">Kenny J\u00f6nssons<\/a> tr\u00e4dg\u00e5rd. F\u00f6raren klarade sig utan fysiska skador.<\/p>\n<p>Bara sekunder innan olyckan hade Dicte Helmersson, 74, passerat trottoaren invid tr\u00e4dg\u00e5rden. Hon var p\u00e5 v\u00e4g till en f\u00f6rel\u00e4sning med den polske journalisten och f\u00f6rfattaren Maciej Zaremba p\u00e5 Stadsbiblioteket.<\/p>\n<p>\u2013 Jag h\u00f6rde en stor sm\u00e4ll. D\u00e5 s\u00e5g jag att en bil var inne i tr\u00e4dg\u00e5rden. Jag gick tillbaka och fr\u00e5gade om jag kunde hj\u00e4lpa. D\u00e5 hade f\u00f6raren g\u00e5tt ur bilen, s\u00e4ger hon.<\/p>\n<p>\u2013 Det h\u00f6rdes s\u00e4kert i alla hus runtomkring, det tror jag, s\u00e4ger Dicte Helmersson om sm\u00e4llen och till\u00e4gger att hon knackade p\u00e5 hos Kenny J\u00f6nsson f\u00f6r att se om n\u00e5gon var hemma.<\/p>\n<p><img loading=\"lazy\"   alt=\"\"\/><\/p>\n<p>En bil hamnade i Kenny J\u00f6nssons tr\u00e4dg\u00e5rd efter att ha f\u00e5tt sladd.<\/p>\n<p>Foto: Kristian Nilsson \/ Helsingborgs Dagblad<\/p>\n<p>\u00d6ppna bild i helsk\u00e4rm<img loading=\"lazy\"   alt=\"\"\/> <\/p>\n<p>Foto: Kristian Nilsson \/ Helsingborgs Dagblad<\/p>\n<p>\u00d6ppna bild i helsk\u00e4rm<img loading=\"lazy\"   alt=\"\"\/> <\/p>\n<p>Foto: Dicte Helmersson<\/p>\n<p>\u00d6ppna bild i helsk\u00e4rm<img loading=\"lazy\"   alt=\"\"\/> <\/p>\n<p>Foto: Dicte Helmersson<\/p>\n<p>\u00d6ppna bild i helsk\u00e4rm\u201dJag har aldrig haft en bil i tr\u00e4dg\u00e5rden\u201d<\/p>\n<p>Men J\u00f6nsson, med dubbla OS-guld och ett VM-guld p\u00e5 meritlistan, var p\u00e5 brandstationen d\u00e4r han arbetar som deltidsbrandman.<\/p>\n<p>\u2013 Jag har aldrig tidigare haft en bil i tr\u00e4dg\u00e5rden, s\u00e4ger han till HD.<\/p>\n<p>Kenny J\u00f6nsson \u00e4r glad att ingen person kom till skada.\u00a0<\/p>\n<p>\u2013 Det \u00e4r det viktigaste, att det inte var n\u00e5gon som gick p\u00e5 trottoaren och att f\u00f6raren inte blev skadad. Om bilen kommit lite l\u00e4ngre in och tr\u00e4ffat den stora stenen i rabatten, d\u00e5 hade det kanske blivit en kraftigare sm\u00e4ll.<\/p>\n","protected":false},"excerpt":{"rendered":"Publicerad 15 jan 2026 kl 16.34Uppdaterad kl 16.47 P\u00e5 onsdagen fick Kenny J\u00f6nsson ov\u00e4ntat bes\u00f6k. En bil brakade&hellip;\n","protected":false},"author":2,"featured_media":137379,"comment_status":"","ping_status":"","sticky":false,"template":"","format":"standard","meta":{"footnotes":""},"categories":[68],"tags":[13810,34,255,111,110,31,33,32,30],"class_list":{"0":"post-137378","1":"post","2":"type-post","3":"status-publish","4":"format-standard","5":"has-post-thumbnail","7":"category-sport","8":"tag-person-kenny-jonsson","9":"tag-se","10":"tag-sections-ishockey","11":"tag-sport","12":"tag-sports","13":"tag-svenska","14":"tag-sverige","15":"tag-sweden","16":"tag-swedish"},"share_on_mastodon":{"url":"https:\/\/pubeurope.com\/@se\/115900412277148825","error":""},"_links":{"self":[{"href":"https:\/\/www.europesays.com\/se\/wp-json\/wp\/v2\/posts\/137378","targetHints":{"allow":["GET"]}}],"collection":[{"href":"https:\/\/www.europesays.com\/se\/wp-json\/wp\/v2\/posts"}],"about":[{"href":"https:\/\/www.europesays.com\/se\/wp-json\/wp\/v2\/types\/post"}],"author":[{"embeddable":true,"href":"https:\/\/www.europesays.com\/se\/wp-json\/wp\/v2\/users\/2"}],"replies":[{"embeddable":true,"href":"https:\/\/www.europesays.com\/se\/wp-json\/wp\/v2\/comments?post=137378"}],"version-history":[{"count":0,"href":"https:\/\/www.europesays.com\/se\/wp-json\/wp\/v2\/posts\/137378\/revisions"}],"wp:featuredmedia":[{"embeddable":true,"href":"https:\/\/www.europesays.com\/se\/wp-json\/wp\/v2\/media\/137379"}],"wp:attachment":[{"href":"https:\/\/www.europesays.com\/se\/wp-json\/wp\/v2\/media?parent=137378"}],"wp:term":[{"taxonomy":"category","embeddable":true,"href":"https:\/\/www.europesays.com\/se\/wp-json\/wp\/v2\/categories?post=137378"},{"taxonomy":"post_tag","embeddable":true,"href":"https:\/\/www.europesays.com\/se\/wp-json\/wp\/v2\/tags?post=137378"}],"curies":[{"name":"wp","href":"https:\/\/api.w.org\/{rel}","templated":true}]}}