{"id":137381,"date":"2026-01-15T18:02:22","date_gmt":"2026-01-15T18:02:22","guid":{"rendered":"https:\/\/www.europesays.com\/se\/137381\/"},"modified":"2026-01-15T18:02:22","modified_gmt":"2026-01-15T18:02:22","slug":"fler-ska-bli-svenska-medborgare","status":"publish","type":"post","link":"https:\/\/www.europesays.com\/se\/137381\/","title":{"rendered":"Fler ska bli svenska medborgare"},"content":{"rendered":"<p><a class=\"wing-tag\" href=\"https:\/\/www.expressen.se\/om\/val-2026\/\" rel=\"nofollow noopener\" target=\"_blank\">Val 2026<\/a><\/p>\n<p>Publicerad 15 jan 2026 kl 18.00Uppdaterad kl 18.21<\/p>\n<p>Regeringen har f\u00e5tt kritik efter uppm\u00e4rksammade utvisningar.<\/p>\n<p>Simona Mohamsson (L) \u00f6ppnar f\u00f6r att se \u00f6ver reglerna \u2013 och vill att fler blir svenska medborgare.<\/p>\n<p>\u2013 Det \u00e4r absurt att driva p\u00e5 att fler ska forts\u00e4tta vara g\u00e4ster i v\u00e5rt land, s\u00e4ger hon i <a href=\"https:\/\/www.svt.se\/nyheter\/inrikes\/liberalernas-medlemmar-vill-se-fler-permanenta-uppehallstillstand-mohamsson-sager-nej\" rel=\"nofollow noopener\" target=\"_blank\">SVT:s \u201d30 minuter\u201d<\/a>.<\/p>\n<p><img   alt=\"\"\/><\/p>\n<p>L-ledaren Simona Mohamsson.<\/p>\n<p>Foto: LISA MATTISSON<\/p>\n<p>\u00d6ppna bild i helsk\u00e4rm<\/p>\n<p>Flera uppm\u00e4rksammade utvisningsfall har p\u00e5 sistone satt fokus p\u00e5 det slopade sp\u00e5rbytet.<\/p>\n<p>Det inneb\u00e4r att personer som tidigare s\u00f6kt asyl men f\u00e5tt nej \u00e4nd\u00e5 kunnat stanna i landet p\u00e5 arbetstillst\u00e5nd. Den m\u00f6jligheten har nu f\u00f6rsvunnit, vilket g\u00f6r att \u00e4ven personer som varit l\u00e4nge i Sverige och har jobb h\u00e4r ska utvisas.<\/p>\n<p>Liberalernas partiledare <a href=\"https:\/\/www.expressen.se\/tagg\/person\/simona-mohamsson\/\" class=\"\" rel=\"nofollow noopener\" target=\"_blank\">Simona Mohamsson<\/a> \u00f6ppnar i SVT:s \u201d30 minuter\u201d \u00e4r \u00f6ppen f\u00f6r att se \u00f6ver lagen.<\/p>\n<p>\u2013 Men min generella inst\u00e4llning \u00e4r att vi inte kan forts\u00e4tta ha undantag. D\u00e5 kan vi inte ha undantag i undantagen, utan utg\u00e5ngspunkten ska vara att ett ja \u00e4r ett ja och ett nej \u00e4r ett nej. Vi ska ha en migrationspolitik med mycket mer fokus p\u00e5 ordning och reda.<\/p>\n<p>\u201dDet b\u00e4sta f\u00f6r Sverige\u201d<\/p>\n<p>I Tid\u00f6avtalet kom M, SD, L och KD \u00f6verens om att utreda att slopa permanenta uppeh\u00e5llstillst\u00e5nd.<\/p>\n<p>Samtidigt vill Liberalerna att fler ska kunna ans\u00f6ka om permanent uppeh\u00e5llstillst\u00e5nd, enligt ett beslut p\u00e5 landsm\u00f6tet.<\/p>\n<p>Men Mohamsson vill i \u201d30 minuter\u201d inte svara p\u00e5 om hon ska driva den linjen i regeringssamarbetet.<\/p>\n<p>\u2013 Liberalernas syn \u00e4r v\u00e4ldigt enkel h\u00e4r. Det allra b\u00e4sta f\u00f6r Sverige och m\u00e4nniskor som v\u00e4ljer Sverige f\u00f6r sitt land \u00e4r att man blir svensk medborgare, s\u00e4ger hon.<\/p>\n<p>\u201d\u00c4r absurt\u201d<\/p>\n<p>Att ha ett permanent uppeh\u00e5llstillst\u00e5nd blir ett slags limbo, menar hon.<\/p>\n<p>\u2013 Jag kommer att driva att fler ska bli svenska medborgare. Jag tycker det \u00e4r absurt att driva p\u00e5 att fler ska forts\u00e4tta vara g\u00e4ster i v\u00e5rt land, s\u00e4ger hon.<\/p>\n<p>Hon vill inte heller svara p\u00e5 om partiet kommer mots\u00e4tta sig att g\u00e5 vidare med Tid\u00f6f\u00f6rslaget om permanenta uppeh\u00e5llstillst\u00e5nd.<\/p>\n<p>\u2013 Vi har bockat av den punkten i Tid\u00f6avtalet. Nu f\u00e5r vi bereda det precis som alla andra punkter, s\u00e4ger Simona Mohamsson i SVT.<\/p>\n","protected":false},"excerpt":{"rendered":"Val 2026 Publicerad 15 jan 2026 kl 18.00Uppdaterad kl 18.21 Regeringen har f\u00e5tt kritik efter uppm\u00e4rksammade utvisningar. Simona&hellip;\n","protected":false},"author":2,"featured_media":137382,"comment_status":"","ping_status":"","sticky":false,"template":"","format":"standard","meta":{"footnotes":""},"categories":[12],"tags":[22,23,26,27,17,21,24,25,28,29,15,3464,16,361,650,18,34,583,31,33,32,30,19,152,740,20],"class_list":{"0":"post-137381","1":"post","2":"type-post","3":"status-publish","4":"format-standard","5":"has-post-thumbnail","7":"category-sverige","8":"tag-breaking-news","9":"tag-breakingnews","10":"tag-featured-news","11":"tag-featurednews","12":"tag-headlines","13":"tag-huvudnyheter","14":"tag-latest-news","15":"tag-latestnews","16":"tag-main-news","17":"tag-mainnews","18":"tag-news","19":"tag-newsstory-val-2026","20":"tag-nyheter","21":"tag-organization-svt","22":"tag-person-simona-mohamsson","23":"tag-rubriker","24":"tag-se","25":"tag-sections-politik","26":"tag-svenska","27":"tag-sverige","28":"tag-sweden","29":"tag-swedish","30":"tag-top-stories","31":"tag-topic-inrikespolitik","32":"tag-topic-migration-integration","33":"tag-topstories"},"share_on_mastodon":{"url":"https:\/\/pubeurope.com\/@se\/115900432002894648","error":""},"_links":{"self":[{"href":"https:\/\/www.europesays.com\/se\/wp-json\/wp\/v2\/posts\/137381","targetHints":{"allow":["GET"]}}],"collection":[{"href":"https:\/\/www.europesays.com\/se\/wp-json\/wp\/v2\/posts"}],"about":[{"href":"https:\/\/www.europesays.com\/se\/wp-json\/wp\/v2\/types\/post"}],"author":[{"embeddable":true,"href":"https:\/\/www.europesays.com\/se\/wp-json\/wp\/v2\/users\/2"}],"replies":[{"embeddable":true,"href":"https:\/\/www.europesays.com\/se\/wp-json\/wp\/v2\/comments?post=137381"}],"version-history":[{"count":0,"href":"https:\/\/www.europesays.com\/se\/wp-json\/wp\/v2\/posts\/137381\/revisions"}],"wp:featuredmedia":[{"embeddable":true,"href":"https:\/\/www.europesays.com\/se\/wp-json\/wp\/v2\/media\/137382"}],"wp:attachment":[{"href":"https:\/\/www.europesays.com\/se\/wp-json\/wp\/v2\/media?parent=137381"}],"wp:term":[{"taxonomy":"category","embeddable":true,"href":"https:\/\/www.europesays.com\/se\/wp-json\/wp\/v2\/categories?post=137381"},{"taxonomy":"post_tag","embeddable":true,"href":"https:\/\/www.europesays.com\/se\/wp-json\/wp\/v2\/tags?post=137381"}],"curies":[{"name":"wp","href":"https:\/\/api.w.org\/{rel}","templated":true}]}}