{"id":137383,"date":"2026-01-15T18:03:21","date_gmt":"2026-01-15T18:03:21","guid":{"rendered":"https:\/\/www.europesays.com\/se\/137383\/"},"modified":"2026-01-15T18:03:21","modified_gmt":"2026-01-15T18:03:21","slug":"trafikinspektor-dog-under-uppkorning-i-sodertalje","status":"publish","type":"post","link":"https:\/\/www.europesays.com\/se\/137383\/","title":{"rendered":"Trafikinspekt\u00f6r dog under uppk\u00f6rning i S\u00f6dert\u00e4lje"},"content":{"rendered":"<p>Publicerad 15 jan 2026 kl 13.51Uppdaterad kl 15.52<\/p>\n<p>En trafikinspekt\u00f6r dog efter en frontalkrock med en lastbil i S\u00f6dert\u00e4lje p\u00e5 onsdagen.<\/p>\n<p>Olyckan skedde under en uppk\u00f6rning och trafikskoleeleven skadades.<\/p>\n<p>\u2013 Det \u00e4r en oerh\u00f6rt tragisk dag, v\u00e5ra tankar g\u00e5r till anh\u00f6riga, s\u00e4ger Sofia Lindahl p\u00e5 Trafikverket.<\/p>\n<p>Det var vid 14-tiden p\u00e5 onsdagseftermiddagen som olyckan intr\u00e4ffade. En man i k\u00f6rskolebilen avled. P\u00e5 torsdagen bekr\u00e4ftar Trafikverket att det r\u00f6r sig om en trafikinspekt\u00f6r och kollega p\u00e5 myndigheten.<\/p>\n<p>\u2013 Det \u00e4r en oerh\u00f6rt tung dag f\u00f6r v\u00e5r verksamhet. Vi har aktiverat krisst\u00f6d, st\u00f6ttar anh\u00f6riga och andra som \u00e4r drabbade. Det \u00e4r m\u00e5nga som k\u00e4nner varandra och det \u00e4r m\u00e5nga som \u00e4r ber\u00f6rda av det h\u00e4r, s\u00e4ger Sofia Lindahl, kommunikationschef f\u00f6r Trafikverket f\u00f6rarprov.<\/p>\n<p>Trafikskoleeleven skadades och fick f\u00f6ras till sjukhus.<\/p>\n<p>St\u00e4nger kontoret<\/p>\n<p>Myndighetens kontor i <a href=\"https:\/\/www.expressen.se\/tagg\/location\/sodertalje\/\" class=\"\" rel=\"nofollow noopener\" target=\"_blank\">S\u00f6dert\u00e4lje<\/a> h\u00e5ller st\u00e4ngt resterande delen av veckan.<\/p>\n<p>\u2013 Jag hoppas att de som haft inplanerade f\u00f6rarprov har \u00f6verseende. Vi har kontakt med de kunder som \u00e4r ber\u00f6rda, s\u00e4ger Sofia Lindahl.<\/p>\n<p>Lastbilschauff\u00f6ren greps under g\u00e5rdagen och en f\u00f6runders\u00f6kning har inletts.<\/p>\n<p>\u2013 Han \u00e4r nu anh\u00e5llen f\u00f6r v\u00e5llande till annans d\u00f6d, grovt brott, och grov v\u00e5rdsl\u00f6shet i trafik. Arbetet forts\u00e4tter och vi ska ta st\u00e4llning till om han ska bli h\u00e4ktad och utreda hur det h\u00e4r har g\u00e5tt till, s\u00e4ger \u00e5klagaren Johanna Levin.<\/p>\n<p><img alt=\"\"\/>Ljudklippet gick inte att spela upp<\/p>\n<p>F\u00f6rs\u00f6k igen senare<\/p>\n","protected":false},"excerpt":{"rendered":"Publicerad 15 jan 2026 kl 13.51Uppdaterad kl 15.52 En trafikinspekt\u00f6r dog efter en frontalkrock med en lastbil i&hellip;\n","protected":false},"author":2,"featured_media":137384,"comment_status":"","ping_status":"","sticky":false,"template":"","format":"standard","meta":{"footnotes":""},"categories":[5],"tags":[22,23,26,27,17,21,24,25,1618,28,29,15,16,6627,18,34,154,31,33,32,30,19,20],"class_list":{"0":"post-137383","1":"post","2":"type-post","3":"status-publish","4":"format-standard","5":"has-post-thumbnail","7":"category-rubriker","8":"tag-breaking-news","9":"tag-breakingnews","10":"tag-featured-news","11":"tag-featurednews","12":"tag-headlines","13":"tag-huvudnyheter","14":"tag-latest-news","15":"tag-latestnews","16":"tag-location-sodertalje","17":"tag-main-news","18":"tag-mainnews","19":"tag-news","20":"tag-nyheter","21":"tag-organization-trafikverket","22":"tag-rubriker","23":"tag-se","24":"tag-sections-sverige","25":"tag-svenska","26":"tag-sverige","27":"tag-sweden","28":"tag-swedish","29":"tag-top-stories","30":"tag-topstories"},"share_on_mastodon":{"url":"https:\/\/pubeurope.com\/@se\/115900435834050266","error":""},"_links":{"self":[{"href":"https:\/\/www.europesays.com\/se\/wp-json\/wp\/v2\/posts\/137383","targetHints":{"allow":["GET"]}}],"collection":[{"href":"https:\/\/www.europesays.com\/se\/wp-json\/wp\/v2\/posts"}],"about":[{"href":"https:\/\/www.europesays.com\/se\/wp-json\/wp\/v2\/types\/post"}],"author":[{"embeddable":true,"href":"https:\/\/www.europesays.com\/se\/wp-json\/wp\/v2\/users\/2"}],"replies":[{"embeddable":true,"href":"https:\/\/www.europesays.com\/se\/wp-json\/wp\/v2\/comments?post=137383"}],"version-history":[{"count":0,"href":"https:\/\/www.europesays.com\/se\/wp-json\/wp\/v2\/posts\/137383\/revisions"}],"wp:featuredmedia":[{"embeddable":true,"href":"https:\/\/www.europesays.com\/se\/wp-json\/wp\/v2\/media\/137384"}],"wp:attachment":[{"href":"https:\/\/www.europesays.com\/se\/wp-json\/wp\/v2\/media?parent=137383"}],"wp:term":[{"taxonomy":"category","embeddable":true,"href":"https:\/\/www.europesays.com\/se\/wp-json\/wp\/v2\/categories?post=137383"},{"taxonomy":"post_tag","embeddable":true,"href":"https:\/\/www.europesays.com\/se\/wp-json\/wp\/v2\/tags?post=137383"}],"curies":[{"name":"wp","href":"https:\/\/api.w.org\/{rel}","templated":true}]}}