{"id":137393,"date":"2026-01-15T18:13:16","date_gmt":"2026-01-15T18:13:16","guid":{"rendered":"https:\/\/www.europesays.com\/se\/137393\/"},"modified":"2026-01-15T18:13:16","modified_gmt":"2026-01-15T18:13:16","slug":"jamiro-reber-lamnar-hv71","status":"publish","type":"post","link":"https:\/\/www.europesays.com\/se\/137393\/","title":{"rendered":"Jamiro Reber l\u00e4mnar HV71"},"content":{"rendered":"<p><img decoding=\"async\" src=\"https:\/\/www.europesays.com\/se\/wp-content\/uploads\/2025\/10\/1761485538_815_error-b0945c17.png\" data- class=\"lazyload blur-up z-0\" style=\"\" alt=\"\" width=\"100%\" height=\"auto\" data-v-9e7f635d=\"\"\/><\/p>\n<p>PRESSMEDDELANDE<\/p>\n<p class=\"article-intro\" data-v-7040d6fb=\"\">Forwarden Jamiro Reber l\u00e4mnar HV71 och s\u00e4ljs till schweiziska klubben Fribourg Gotteron, d\u00e4r han ocks\u00e5 ska spela f\u00f6r kommande s\u00e4song. \u201dJamiro har en \u00f6nskan om att \u00e5ka hem till Schweiz och komma n\u00e4rmare familjen och d\u00e5 har vi hittat en l\u00f6sning med Fribourg Gotteron\u201d, s\u00e4ger Fredrik Stillman.<\/p>\n<p class=\"paragraph text-left\"> Forwarden Jamiro Reber kom till HV71 J20 s\u00e4songen 2023\/2024 och fick s\u00e4songen efter chansen i SHL-laget. D\u00e4r har det blivit 18 po\u00e4ng (11+7) p\u00e5 69 matcher. Efter s\u00e4songen g\u00e5r kontraktet ut med forwarden men redan nu har en \u00f6verenskommelse n\u00e5tts d\u00e4r Fribourg Gotteron k\u00f6per loss Reber. <\/p>\n<p class=\"paragraph text-left\"> \u2013\tJamiro har haft en \u00f6nskan om att flytta hem till Schweiz. Vi har nu tillsammans med Fribourg hittat en l\u00f6sning och vi tackar honom f\u00f6r hans tid i HV71 och \u00f6nskar lycka till i sin fortsatta hockeykarri\u00e4r, s\u00e4ger Fredrik Stillman. <\/p>\n<p class=\"paragraph text-left\"> Jamiro Reber om att l\u00e4mna HV71: <\/p>\n<p class=\"paragraph text-left\"> \u2013\tJag har haft fina \u00e5r i HV71 och har klubben mycket att tacka f\u00f6r min utveckling, men jag har under en tid k\u00e4nt att jag vill komma n\u00e4rmare min familj och bos\u00e4tta mig i Schweiz. Det har varit fantastiskt att spela inf\u00f6r alla fans i Husqvarna Garden och jag vill tacka f\u00f6r allt st\u00f6d och fina upplevelser jag f\u00e5tt under mina \u00e5r i J\u00f6nk\u00f6ping, s\u00e4ger Jamiro Reber. <\/p>\n","protected":false},"excerpt":{"rendered":"PRESSMEDDELANDE Forwarden Jamiro Reber l\u00e4mnar HV71 och s\u00e4ljs till schweiziska klubben Fribourg Gotteron, d\u00e4r han ocks\u00e5 ska spela&hellip;\n","protected":false},"author":2,"featured_media":137394,"comment_status":"","ping_status":"","sticky":false,"template":"","format":"standard","meta":{"footnotes":""},"categories":[68],"tags":[34,111,110,31,33,32,30],"class_list":{"0":"post-137393","1":"post","2":"type-post","3":"status-publish","4":"format-standard","5":"has-post-thumbnail","7":"category-sport","8":"tag-se","9":"tag-sport","10":"tag-sports","11":"tag-svenska","12":"tag-sverige","13":"tag-sweden","14":"tag-swedish"},"share_on_mastodon":{"url":"https:\/\/pubeurope.com\/@se\/115900475136629180","error":""},"_links":{"self":[{"href":"https:\/\/www.europesays.com\/se\/wp-json\/wp\/v2\/posts\/137393","targetHints":{"allow":["GET"]}}],"collection":[{"href":"https:\/\/www.europesays.com\/se\/wp-json\/wp\/v2\/posts"}],"about":[{"href":"https:\/\/www.europesays.com\/se\/wp-json\/wp\/v2\/types\/post"}],"author":[{"embeddable":true,"href":"https:\/\/www.europesays.com\/se\/wp-json\/wp\/v2\/users\/2"}],"replies":[{"embeddable":true,"href":"https:\/\/www.europesays.com\/se\/wp-json\/wp\/v2\/comments?post=137393"}],"version-history":[{"count":0,"href":"https:\/\/www.europesays.com\/se\/wp-json\/wp\/v2\/posts\/137393\/revisions"}],"wp:featuredmedia":[{"embeddable":true,"href":"https:\/\/www.europesays.com\/se\/wp-json\/wp\/v2\/media\/137394"}],"wp:attachment":[{"href":"https:\/\/www.europesays.com\/se\/wp-json\/wp\/v2\/media?parent=137393"}],"wp:term":[{"taxonomy":"category","embeddable":true,"href":"https:\/\/www.europesays.com\/se\/wp-json\/wp\/v2\/categories?post=137393"},{"taxonomy":"post_tag","embeddable":true,"href":"https:\/\/www.europesays.com\/se\/wp-json\/wp\/v2\/tags?post=137393"}],"curies":[{"name":"wp","href":"https:\/\/api.w.org\/{rel}","templated":true}]}}