{"id":137395,"date":"2026-01-15T18:16:51","date_gmt":"2026-01-15T18:16:51","guid":{"rendered":"https:\/\/www.europesays.com\/se\/137395\/"},"modified":"2026-01-15T18:16:51","modified_gmt":"2026-01-15T18:16:51","slug":"forsvarstoppen-slapp-in-smabolagen-annars-halkar-sverige-efter-ryssland-di","status":"publish","type":"post","link":"https:\/\/www.europesays.com\/se\/137395\/","title":{"rendered":"F\u00f6rsvarstoppen: Sl\u00e4pp in sm\u00e5bolagen \u2013 annars halkar Sverige efter Ryssland &#8211; DI"},"content":{"rendered":"<ol>\n<li><a href=\"https:\/\/news.google.com\/rss\/articles\/CBMinwFBVV95cUxQUHVtTGt1MXVGSFVGSGcwdUZZN1NOWS1iN0RXa0dsYkxvU0RQcnlUanc0aHF5dlpLNWlKSDVlNXlhYnhkYzdVc0xLdGlfTXlHb3Q4M1lGX1NHOFVaQkhYcWw2ckw5dE5OZW83S0Iwb0JaUklYRGdIMF9rZGdyakktUXFkWmFsLS12cGtmZE1JQ1hzdGpDZmNoRkZiYUZsNEE?oc=5\" target=\"_blank\" rel=\"nofollow noopener\">F\u00f6rsvarstoppen: Sl\u00e4pp in sm\u00e5bolagen \u2013 annars halkar Sverige efter Ryssland<\/a>&nbsp;&nbsp;DI<\/li>\n<li><a href=\"https:\/\/news.google.com\/rss\/articles\/CBMiyAFBVV95cUxNc283em9tTjVRSzZDNUdqLWdldXczTnRqeEJEMUFNRW4wd0dTTHF1LUViaHEwVHBHemJncFdlaVpRYmVuSFhMejVBUTl6aXVMVWpYWjQzbE1fdmV4LXJNMkVuOWZjaV9FZzFVSW9yZUVBU0l2bjRUYURCZVFqcGZKMDBYcjR5SUZaZi1JbWt5SkxFU2owRElIc0FCZTYtM0JZR19DdlgwQTVCR1ZrbEUwcl81Y3lhSW1USHVaemVXWmc2U1paeXVfcg?oc=5\" target=\"_blank\" rel=\"nofollow noopener\">TechSverige och SME-D i samverkan f\u00f6r Sveriges totalf\u00f6rsvar<\/a>&nbsp;&nbsp;Via TT<\/li>\n<li><a href=\"https:\/\/news.google.com\/rss\/articles\/CBMiigFBVV95cUxNaVhPWlhPVmtkaWtDbERWU3BnaVhhRGRhV2pjNHpDMFViU3RaXzJXOXY2Xy1LTXFIMWI1RWZBV256N25zWnh2QzZ5Z1NiYjNmYjkwWWhPSnNMeG9tYTl2NHRJT004Z2dMRjdVRUFEYVFPWUxyZ19aYUxON0g3d1NkWDJWWmNmM0tpOEE?oc=5\" target=\"_blank\" rel=\"nofollow noopener\">F\u00f6rsvarsmakten: Vi m\u00e5ste samarbeta mer med sm\u00e5bolag<\/a>&nbsp;&nbsp;Omni Ekonomi<\/li>\n<li><a href=\"https:\/\/news.google.com\/rss\/articles\/CBMiigFBVV95cUxObGxrNFQ0ZnNEMnFxVDQ1YmpDNTJNQW5qYnZYTlBheXg0dzFVd1NzQ0JjaXQwY3Atd3VoelRMYWd3ZVZRb0pYUzIzS0lZVWM1N2FaQkZ0YVRTSWg1RkdkdHFKNFhfdDZVX3FYbkJrdzZnZ28yS2NuZHJMV1VjcDl0RUdXc1hHd1BHRWc?oc=5\" target=\"_blank\" rel=\"nofollow noopener\">FMV-chefen: \u201dKontrakterat 145 nya akt\u00f6rer \u2013 bara under 2025\u201d<\/a>&nbsp;&nbsp;DI<\/li>\n<li><a href=\"https:\/\/news.google.com\/rss\/articles\/CBMiiAFBVV95cUxPbUNBdzkwMTZ1TnRNQ2xkMWp2MVZDSG1vRnN3U2wxZUpoNWRtMm0wR3dQYnUzeTJVb3ZseTJveGJ2Y0RxQjRlT2pFUWNDOU5ZN3VtVEFpSF9RQ2Nid3lXMDlDTndwb3JQdzEyV2Y4My05VmpYclFvX2wyLVpXR3hpUk1hSFhlVjlf?oc=5\" target=\"_blank\" rel=\"nofollow noopener\">FMV: \u201dKan inte k\u00f6pa teknik som \u00e4r obsolet om ett halv\u00e5r\u201d<\/a>&nbsp;&nbsp;Omni<\/li>\n<\/ol>\n","protected":false},"excerpt":{"rendered":"F\u00f6rsvarstoppen: Sl\u00e4pp in sm\u00e5bolagen \u2013 annars halkar Sverige efter Ryssland&nbsp;&nbsp;DI TechSverige och SME-D i samverkan f\u00f6r Sveriges totalf\u00f6rsvar&nbsp;&nbsp;Via&hellip;\n","protected":false},"author":2,"featured_media":137396,"comment_status":"","ping_status":"","sticky":false,"template":"","format":"standard","meta":{"footnotes":""},"categories":[65],"tags":[72,70,71,34,31,33,32,30],"class_list":{"0":"post-137395","1":"post","2":"type-post","3":"status-publish","4":"format-standard","5":"has-post-thumbnail","7":"category-ekonomi","8":"tag-business","9":"tag-economy","10":"tag-ekonomi","11":"tag-se","12":"tag-svenska","13":"tag-sverige","14":"tag-sweden","15":"tag-swedish"},"share_on_mastodon":{"url":"https:\/\/pubeurope.com\/@se\/115900490874896202","error":""},"_links":{"self":[{"href":"https:\/\/www.europesays.com\/se\/wp-json\/wp\/v2\/posts\/137395","targetHints":{"allow":["GET"]}}],"collection":[{"href":"https:\/\/www.europesays.com\/se\/wp-json\/wp\/v2\/posts"}],"about":[{"href":"https:\/\/www.europesays.com\/se\/wp-json\/wp\/v2\/types\/post"}],"author":[{"embeddable":true,"href":"https:\/\/www.europesays.com\/se\/wp-json\/wp\/v2\/users\/2"}],"replies":[{"embeddable":true,"href":"https:\/\/www.europesays.com\/se\/wp-json\/wp\/v2\/comments?post=137395"}],"version-history":[{"count":0,"href":"https:\/\/www.europesays.com\/se\/wp-json\/wp\/v2\/posts\/137395\/revisions"}],"wp:featuredmedia":[{"embeddable":true,"href":"https:\/\/www.europesays.com\/se\/wp-json\/wp\/v2\/media\/137396"}],"wp:attachment":[{"href":"https:\/\/www.europesays.com\/se\/wp-json\/wp\/v2\/media?parent=137395"}],"wp:term":[{"taxonomy":"category","embeddable":true,"href":"https:\/\/www.europesays.com\/se\/wp-json\/wp\/v2\/categories?post=137395"},{"taxonomy":"post_tag","embeddable":true,"href":"https:\/\/www.europesays.com\/se\/wp-json\/wp\/v2\/tags?post=137395"}],"curies":[{"name":"wp","href":"https:\/\/api.w.org\/{rel}","templated":true}]}}