{"id":137400,"date":"2026-01-15T18:21:11","date_gmt":"2026-01-15T18:21:11","guid":{"rendered":"https:\/\/www.europesays.com\/se\/137400\/"},"modified":"2026-01-15T18:21:11","modified_gmt":"2026-01-15T18:21:11","slug":"shl-hv71-fansens-stod-till-fredrik-stillman-sluta-hota-vara-egna","status":"publish","type":"post","link":"https:\/\/www.europesays.com\/se\/137400\/","title":{"rendered":"SHL \u2022 HV71-fansens st\u00f6d till Fredrik Stillman: \u201dSluta hota v\u00e5ra egna\u201d"},"content":{"rendered":"<p>Publicerad 15 jan 2026 kl 18.31Uppdaterad kl 18.56<\/p>\n<p>P\u00e5 onsdagen kom beskedet att Fredrik Stillman sjukskriver sig.\u00a0<\/p>\n<p>Nu visar HV71-fansen sitt st\u00f6d till ikonen.\u00a0<\/p>\n<p>\u201dSluta hota v\u00e5ra egna \u2013 krya Stille\u201d, st\u00e5r det skrivet p\u00e5 en banderoll.\u00a0<\/p>\n<p><img loading=\"lazy\"   alt=\"\"\/><\/p>\n<p>En banderoll till st\u00f6d f\u00f6r Fredrik Stillman p\u00e5 HV:s klacksektion.<\/p>\n<p>\u00d6ppna bild i helsk\u00e4rm<img loading=\"lazy\"   alt=\"\"\/> <\/p>\n<p>Foto: Johan Freijd \/ HV71<\/p>\n<p>\u00d6ppna bild i helsk\u00e4rm<img loading=\"lazy\"   alt=\"\"\/><\/p>\n<p>Sluta hota v\u00e5ra egna<\/p>\n<p>\u00d6ppna bild i helsk\u00e4rm<\/p>\n<p>Det r\u00e5der kaos i <a href=\"https:\/\/www.expressen.se\/tagg\/organization\/hv71\/\" class=\"\" rel=\"nofollow noopener\" target=\"_blank\">HV71<\/a>. Laget ligger n\u00e4st sist i SHL och g\u00e5r mot ett nytt kval. Samtidigt r\u00e5der stora fr\u00e5getecken runt klubbens ledning. I h\u00f6stas sjukskrev sig sportchefen Bj\u00f6rn Liljander. P\u00e5 onsdagen kom ett nytt mardr\u00f6msbesked. Den assisterade sportchefen, som tagit \u00f6ver Liljanders uppgifter, har ocks\u00e5 sjukskrivet sig.\u00a0<\/p>\n<p>I pressmeddelandet beskrev klubbchefen Richard Nylin att \u201dm\u00e4ngden hat och hot till medarbetare eskalerat\u201d.\u00a0<\/p>\n<p>\u2013 Det \u00e4r sj\u00e4lvklart s\u00e5dant han f\u00e5r mycket av. Man f\u00e5r kritik och fans som tycker vi \u00e4r d\u00e5liga, det ing\u00e5r i konceptet och \u00e4r inget konstigt. Men n\u00e4r det g\u00e5r \u00f6ver gr\u00e4nsen och blir mer hatiskt, kommer p\u00e5 n\u00e4tterna och \u00f6verallt, blir det v\u00e4rre. Det har eskalerat, sa Nylin.\u00a0<\/p>\n<p>Inf\u00f6r torsdagens SHL-match mot F\u00e4rjestad visade HV71-supportrarna sitt st\u00f6d till Fredrik Stillman som har ett l\u00e5ngt f\u00f6rflutet i HV71, som b\u00e5de spelare, tr\u00e4nare och sportchef.\u00a0<\/p>\n<p>\u201dSluta hota v\u00e5ra egna \u2013 krya Stille\u201d, st\u00e5r det skrivet p\u00e5 en banderoll framf\u00f6r hemmasupportrarna i Husqvarna Garden.\u00a0<\/p>\n<p>Lundqvist: \u201dS\u00e4tt gr\u00e4nser\u201d<\/p>\n<p>Joel Lundqvist kommenterade HV71:s sv\u00e5ra situation i TV4 inf\u00f6r matchen.\u00a0<\/p>\n<p>\u2013 F\u00f6r mig \u00e4r det tv\u00e5 delar. Det \u00e4r inte bara HV71:s problem med de h\u00e4r hoten och den st\u00e4mningen som finns runt ledande personer. D\u00e4remot, att f\u00e5 tv\u00e5 sportchefer sjukskrivna, d\u00e4r \u00e4r HV71:s problem. De beh\u00f6ver titta p\u00e5 sin organisation och vad de kan g\u00f6ra annorlunda. Vilka gr\u00e4nser de ska s\u00e4tta f\u00f6r att det h\u00e4r inte ska ske igen.<\/p>\n<p>Tv-experten menar klubbarna borde agera i h\u00f6gre utstr\u00e4ckning.\u00a0<\/p>\n<p>\u2013 Dels att s\u00e4tta gr\u00e4nser mot fans och personer som ger de h\u00e4r hoten. Det \u00e4r avst\u00e4ngningar och polisanm\u00e4lningar. Sen g\u00e4ller det att bygga en organisation och ett st\u00f6d f\u00f6r de h\u00e4r personerna.<\/p>\n<p>Analytikern Linus Leise har tagit \u00f6ver Stillmans uppgifter.\u00a0<\/p>\n","protected":false},"excerpt":{"rendered":"Publicerad 15 jan 2026 kl 18.31Uppdaterad kl 18.56 P\u00e5 onsdagen kom beskedet att Fredrik Stillman sjukskriver sig.\u00a0 Nu&hellip;\n","protected":false},"author":2,"featured_media":137401,"comment_status":"","ping_status":"","sticky":false,"template":"","format":"standard","meta":{"footnotes":""},"categories":[68],"tags":[1354,1179,34,255,823,111,110,31,33,32,30],"class_list":{"0":"post-137400","1":"post","2":"type-post","3":"status-publish","4":"format-standard","5":"has-post-thumbnail","7":"category-sport","8":"tag-organization-hv71","9":"tag-organization-shl","10":"tag-se","11":"tag-sections-ishockey","12":"tag-sections-shl","13":"tag-sport","14":"tag-sports","15":"tag-svenska","16":"tag-sverige","17":"tag-sweden","18":"tag-swedish"},"share_on_mastodon":{"url":"https:\/\/pubeurope.com\/@se\/115900506578791871","error":""},"_links":{"self":[{"href":"https:\/\/www.europesays.com\/se\/wp-json\/wp\/v2\/posts\/137400","targetHints":{"allow":["GET"]}}],"collection":[{"href":"https:\/\/www.europesays.com\/se\/wp-json\/wp\/v2\/posts"}],"about":[{"href":"https:\/\/www.europesays.com\/se\/wp-json\/wp\/v2\/types\/post"}],"author":[{"embeddable":true,"href":"https:\/\/www.europesays.com\/se\/wp-json\/wp\/v2\/users\/2"}],"replies":[{"embeddable":true,"href":"https:\/\/www.europesays.com\/se\/wp-json\/wp\/v2\/comments?post=137400"}],"version-history":[{"count":0,"href":"https:\/\/www.europesays.com\/se\/wp-json\/wp\/v2\/posts\/137400\/revisions"}],"wp:featuredmedia":[{"embeddable":true,"href":"https:\/\/www.europesays.com\/se\/wp-json\/wp\/v2\/media\/137401"}],"wp:attachment":[{"href":"https:\/\/www.europesays.com\/se\/wp-json\/wp\/v2\/media?parent=137400"}],"wp:term":[{"taxonomy":"category","embeddable":true,"href":"https:\/\/www.europesays.com\/se\/wp-json\/wp\/v2\/categories?post=137400"},{"taxonomy":"post_tag","embeddable":true,"href":"https:\/\/www.europesays.com\/se\/wp-json\/wp\/v2\/tags?post=137400"}],"curies":[{"name":"wp","href":"https:\/\/api.w.org\/{rel}","templated":true}]}}