{"id":137412,"date":"2026-01-15T18:35:26","date_gmt":"2026-01-15T18:35:26","guid":{"rendered":"https:\/\/www.europesays.com\/se\/137412\/"},"modified":"2026-01-15T18:35:26","modified_gmt":"2026-01-15T18:35:26","slug":"straffen-for-ett-50-tal-brott-ska-skarpas","status":"publish","type":"post","link":"https:\/\/www.europesays.com\/se\/137412\/","title":{"rendered":"Straffen f\u00f6r ett 50-tal brott ska sk\u00e4rpas"},"content":{"rendered":"<p>Av Joel Malm\u00e9n<br \/>Publicerad 15 januari, 14:20. Uppdaterad 15 januari, 16:47<\/p>\n<p>Straffen f\u00f6r ett 50-tal brott, allt fr\u00e5n grov misshandel och grov v\u00e5ldt\u00e4kt till grovt brott mot tystnadsplikt, f\u00f6resl\u00e5s sk\u00e4rpas i sommar. Det meddelar justitieminister Gunnar Str\u00f6mmer (M) vid en presstr\u00e4ff enligt TT.<\/p>\n<p>Den st\u00f6rsta f\u00f6r\u00e4ndringen blir dock att alla g\u00e4ngrelaterade brott ska kunna f\u00e5 dubbla straff. Det \u00e4r en del av regeringens stora straffreform som Str\u00f6mmer kallar \u201dden st\u00f6rsta i modern tid\u201d.<\/p>\n<p>\u2013 Enkelt uttryckt s\u00e5 vill vi att brottslingar ska sitta inne s\u00e5 att sk\u00f6tsamma m\u00e4nniskor v\u00e5gar vara ute, s\u00e4ger han.<\/p>\n<p>Omni \u00e4r politiskt obundna och oberoende. Vi str\u00e4var efter att ge fler perspektiv p\u00e5 nyheterna. Har du fr\u00e5gor eller synpunkter kring v\u00e5r rapportering? <a href=\"https:\/\/omni.se\/uppgifter-nastan-50-straffskalor-ska-skarpas\/a\/mailto:redaktion@omni.se\" class=\"ArticleActions_contactLink__W2F1M\" rel=\"nofollow noopener\" target=\"_blank\">Kontakta redaktionen<\/a><\/p>\n","protected":false},"excerpt":{"rendered":"Av Joel Malm\u00e9nPublicerad 15 januari, 14:20. Uppdaterad 15 januari, 16:47 Straffen f\u00f6r ett 50-tal brott, allt fr\u00e5n grov&hellip;\n","protected":false},"author":2,"featured_media":137413,"comment_status":"","ping_status":"","sticky":false,"template":"","format":"standard","meta":{"footnotes":""},"categories":[5],"tags":[22,23,26,27,2613,17,5852,21,24,25,28,29,551,15,16,369,5850,18,34,31,33,32,30,19,20],"class_list":{"0":"post-137412","1":"post","2":"type-post","3":"status-publish","4":"format-standard","5":"has-post-thumbnail","7":"category-rubriker","8":"tag-breaking-news","9":"tag-breakingnews","10":"tag-featured-news","11":"tag-featurednews","12":"tag-gunnar-strommer","13":"tag-headlines","14":"tag-henrik-vinge","15":"tag-huvudnyheter","16":"tag-latest-news","17":"tag-latestnews","18":"tag-main-news","19":"tag-mainnews","20":"tag-moderaterna","21":"tag-news","22":"tag-nyheter","23":"tag-politik","24":"tag-rattspolitik","25":"tag-rubriker","26":"tag-se","27":"tag-svenska","28":"tag-sverige","29":"tag-sweden","30":"tag-swedish","31":"tag-top-stories","32":"tag-topstories"},"share_on_mastodon":{"url":"https:\/\/pubeurope.com\/@se\/115900561626576872","error":""},"_links":{"self":[{"href":"https:\/\/www.europesays.com\/se\/wp-json\/wp\/v2\/posts\/137412","targetHints":{"allow":["GET"]}}],"collection":[{"href":"https:\/\/www.europesays.com\/se\/wp-json\/wp\/v2\/posts"}],"about":[{"href":"https:\/\/www.europesays.com\/se\/wp-json\/wp\/v2\/types\/post"}],"author":[{"embeddable":true,"href":"https:\/\/www.europesays.com\/se\/wp-json\/wp\/v2\/users\/2"}],"replies":[{"embeddable":true,"href":"https:\/\/www.europesays.com\/se\/wp-json\/wp\/v2\/comments?post=137412"}],"version-history":[{"count":0,"href":"https:\/\/www.europesays.com\/se\/wp-json\/wp\/v2\/posts\/137412\/revisions"}],"wp:featuredmedia":[{"embeddable":true,"href":"https:\/\/www.europesays.com\/se\/wp-json\/wp\/v2\/media\/137413"}],"wp:attachment":[{"href":"https:\/\/www.europesays.com\/se\/wp-json\/wp\/v2\/media?parent=137412"}],"wp:term":[{"taxonomy":"category","embeddable":true,"href":"https:\/\/www.europesays.com\/se\/wp-json\/wp\/v2\/categories?post=137412"},{"taxonomy":"post_tag","embeddable":true,"href":"https:\/\/www.europesays.com\/se\/wp-json\/wp\/v2\/tags?post=137412"}],"curies":[{"name":"wp","href":"https:\/\/api.w.org\/{rel}","templated":true}]}}