{"id":137414,"date":"2026-01-15T18:37:10","date_gmt":"2026-01-15T18:37:10","guid":{"rendered":"https:\/\/www.europesays.com\/se\/137414\/"},"modified":"2026-01-15T18:37:10","modified_gmt":"2026-01-15T18:37:10","slug":"svensk-kross-i-jvm-klart-for-semifinal","status":"publish","type":"post","link":"https:\/\/www.europesays.com\/se\/137414\/","title":{"rendered":"Svensk kross i JVM \u2013 klart f\u00f6r semifinal"},"content":{"rendered":"<p>share-arrowDela<\/p>\n<p>unsaveSpara<\/p>\n<p class=\"hyperion-css-1shl3oz\" data-test-tag=\"lead-text\">Sverige \u00e4r klart f\u00f6r semifinal i damernas junior-VM i ishockey i kandensiska Cape Breton.<\/p>\n<p class=\"hyperion-css-1shl3oz\" data-test-tag=\"lead-text\">15-\u00e5riga talangen Tilia Lindgren blev stor matchvinnare med tv\u00e5 m\u00e5l och tv\u00e5 assist n\u00e4r Slovakien besegrades i kvartsfinal med 7\u20132.<\/p>\n<p class=\"hyperion-css-1v9qo5x\">Sverige tog JVM-guld p\u00e5 herrsidan f\u00f6r en tid sedan och nu jagar damerna medalj i sitt JVM som \u00e4r en turnering f\u00f6r spelare under 18 \u00e5r.<\/p>\n<p class=\"hyperion-css-1v9qo5x\">Tilia Lindgren, Bj\u00f6rkl\u00f6ven, \u00e4r n\u00e4st yngst i laget med sina 15 \u00e5r \u2013 men redan en b\u00e4rande spelare.<\/p>\n<p class=\"hyperion-css-1v9qo5x\">Hon stod f\u00f6r tv\u00e5 m\u00e5l och tv\u00e5 assist i en match d\u00e4r Sverige ryckte i andra perioden d\u00e5 laget gick fr\u00e5n 1\u20130 till 4\u20131.<\/p>\n<p class=\"hyperion-css-1v9qo5x\">Vilka Sverige f\u00e5r m\u00f6ta i semifinal blir klart f\u00f6rst i natt, svensk tid, men toppseedade USA \u00e4r en t\u00e4nkbar motst\u00e5ndare om kvartsfinalerna avl\u00f6per utan skr\u00e4llar.<\/p>\n<p class=\"hyperion-css-1v9qo5x\">Sverige har missat medalj i de tv\u00e5 senaste JVM-turneringarna, senaste medaljen kom p\u00e5 hemmaplan i \u00d6stersund 2023 d\u00e5 det blev silver efter finalf\u00f6rlust mot Kanada.<\/p>\n","protected":false},"excerpt":{"rendered":"share-arrowDela unsaveSpara Sverige \u00e4r klart f\u00f6r semifinal i damernas junior-VM i ishockey i kandensiska Cape Breton. 15-\u00e5riga talangen&hellip;\n","protected":false},"author":2,"featured_media":465,"comment_status":"","ping_status":"","sticky":false,"template":"","format":"standard","meta":{"footnotes":""},"categories":[68],"tags":[34,111,110,31,33,32,30],"class_list":{"0":"post-137414","1":"post","2":"type-post","3":"status-publish","4":"format-standard","5":"has-post-thumbnail","7":"category-sport","8":"tag-se","9":"tag-sport","10":"tag-sports","11":"tag-svenska","12":"tag-sverige","13":"tag-sweden","14":"tag-swedish"},"share_on_mastodon":{"url":"https:\/\/pubeurope.com\/@se\/115900569492179933","error":""},"_links":{"self":[{"href":"https:\/\/www.europesays.com\/se\/wp-json\/wp\/v2\/posts\/137414","targetHints":{"allow":["GET"]}}],"collection":[{"href":"https:\/\/www.europesays.com\/se\/wp-json\/wp\/v2\/posts"}],"about":[{"href":"https:\/\/www.europesays.com\/se\/wp-json\/wp\/v2\/types\/post"}],"author":[{"embeddable":true,"href":"https:\/\/www.europesays.com\/se\/wp-json\/wp\/v2\/users\/2"}],"replies":[{"embeddable":true,"href":"https:\/\/www.europesays.com\/se\/wp-json\/wp\/v2\/comments?post=137414"}],"version-history":[{"count":0,"href":"https:\/\/www.europesays.com\/se\/wp-json\/wp\/v2\/posts\/137414\/revisions"}],"wp:featuredmedia":[{"embeddable":true,"href":"https:\/\/www.europesays.com\/se\/wp-json\/wp\/v2\/media\/465"}],"wp:attachment":[{"href":"https:\/\/www.europesays.com\/se\/wp-json\/wp\/v2\/media?parent=137414"}],"wp:term":[{"taxonomy":"category","embeddable":true,"href":"https:\/\/www.europesays.com\/se\/wp-json\/wp\/v2\/categories?post=137414"},{"taxonomy":"post_tag","embeddable":true,"href":"https:\/\/www.europesays.com\/se\/wp-json\/wp\/v2\/tags?post=137414"}],"curies":[{"name":"wp","href":"https:\/\/api.w.org\/{rel}","templated":true}]}}