{"id":137415,"date":"2026-01-15T18:42:19","date_gmt":"2026-01-15T18:42:19","guid":{"rendered":"https:\/\/www.europesays.com\/se\/137415\/"},"modified":"2026-01-15T18:42:19","modified_gmt":"2026-01-15T18:42:19","slug":"putin-kan-testa-nato-med-militar-pa-svensk-o","status":"publish","type":"post","link":"https:\/\/www.europesays.com\/se\/137415\/","title":{"rendered":"Putin kan \u201dtesta Nato\u201d med milit\u00e4r p\u00e5 svensk \u00f6"},"content":{"rendered":"<p>Donald Trumps retorik om Gr\u00f6nland kan skapa en bild av ett \u201df\u00f6rklenat Nato\u201d, n\u00e5got som framf\u00f6r allt gynnar ryske presidenten Vladimir Putin. Det s\u00e4ger Sveriges \u00f6verbef\u00e4lhavare Michael Claesson till SvD. <\/p>\n<p>\u2013\u202fJag tycker att utropandet av alliansens tidiga d\u00f6d \u00e4r b\u00e5de \u00f6verdrivet och p\u00e5 gr\u00e4nsen till farligt.<\/p>\n<p>Han tror inte att Nato kommer att kollapsa, men gissar att snacket om det kan g\u00f6ra att Putin vill testa alliansens artikel fem, allts\u00e5 att ett milit\u00e4rt angrepp p\u00e5 ett Natoland ses som en attack p\u00e5 alla Natol\u00e4nder. <\/p>\n<p>Ett s\u00e4tt som Putin skulle kunna g\u00f6ra det \u00e4r att milit\u00e4rt g\u00e5 in p\u00e5 n\u00e5gon av \u00f6arna i finska eller svenska sk\u00e4rg\u00e5rden \u201dbara f\u00f6r att se vad som h\u00e4nder\u201d, tror Claesson. <\/p>\n<p>Omni \u00e4r politiskt obundna och oberoende. Vi str\u00e4var efter att ge fler perspektiv p\u00e5 nyheterna. Har du fr\u00e5gor eller synpunkter kring v\u00e5r rapportering? <a href=\"https:\/\/omni.se\/ob-putin-kan-testa-nato-med-militar-pa-svensk-o\/a\/mailto:redaktion@omni.se\" class=\"ArticleActions_contactLink__W2F1M\" rel=\"nofollow noopener\" target=\"_blank\">Kontakta redaktionen<\/a><\/p>\n","protected":false},"excerpt":{"rendered":"Donald Trumps retorik om Gr\u00f6nland kan skapa en bild av ett \u201df\u00f6rklenat Nato\u201d, n\u00e5got som framf\u00f6r allt gynnar&hellip;\n","protected":false},"author":2,"featured_media":137416,"comment_status":"","ping_status":"","sticky":false,"template":"","format":"standard","meta":{"footnotes":""},"categories":[12],"tags":[22,23,385,267,26,27,684,380,2161,13780,17,21,24,25,28,29,4338,999,15,268,16,18,264,34,31,33,32,30,19,20,261],"class_list":{"0":"post-137415","1":"post","2":"type-post","3":"status-publish","4":"format-standard","5":"has-post-thumbnail","7":"category-sverige","8":"tag-breaking-news","9":"tag-breakingnews","10":"tag-donald-trump","11":"tag-europa","12":"tag-featured-news","13":"tag-featurednews","14":"tag-finland","15":"tag-forsvarsmakten","16":"tag-gronland","17":"tag-gronlandskrisen","18":"tag-headlines","19":"tag-huvudnyheter","20":"tag-latest-news","21":"tag-latestnews","22":"tag-main-news","23":"tag-mainnews","24":"tag-michael-claesson","25":"tag-nato","26":"tag-news","27":"tag-nordamerika","28":"tag-nyheter","29":"tag-rubriker","30":"tag-ryssland","31":"tag-se","32":"tag-svenska","33":"tag-sverige","34":"tag-sweden","35":"tag-swedish","36":"tag-top-stories","37":"tag-topstories","38":"tag-vladimir-putin"},"share_on_mastodon":{"url":"https:\/\/pubeurope.com\/@se\/115900589231557036","error":""},"_links":{"self":[{"href":"https:\/\/www.europesays.com\/se\/wp-json\/wp\/v2\/posts\/137415","targetHints":{"allow":["GET"]}}],"collection":[{"href":"https:\/\/www.europesays.com\/se\/wp-json\/wp\/v2\/posts"}],"about":[{"href":"https:\/\/www.europesays.com\/se\/wp-json\/wp\/v2\/types\/post"}],"author":[{"embeddable":true,"href":"https:\/\/www.europesays.com\/se\/wp-json\/wp\/v2\/users\/2"}],"replies":[{"embeddable":true,"href":"https:\/\/www.europesays.com\/se\/wp-json\/wp\/v2\/comments?post=137415"}],"version-history":[{"count":0,"href":"https:\/\/www.europesays.com\/se\/wp-json\/wp\/v2\/posts\/137415\/revisions"}],"wp:featuredmedia":[{"embeddable":true,"href":"https:\/\/www.europesays.com\/se\/wp-json\/wp\/v2\/media\/137416"}],"wp:attachment":[{"href":"https:\/\/www.europesays.com\/se\/wp-json\/wp\/v2\/media?parent=137415"}],"wp:term":[{"taxonomy":"category","embeddable":true,"href":"https:\/\/www.europesays.com\/se\/wp-json\/wp\/v2\/categories?post=137415"},{"taxonomy":"post_tag","embeddable":true,"href":"https:\/\/www.europesays.com\/se\/wp-json\/wp\/v2\/tags?post=137415"}],"curies":[{"name":"wp","href":"https:\/\/api.w.org\/{rel}","templated":true}]}}