{"id":137417,"date":"2026-01-15T18:43:19","date_gmt":"2026-01-15T18:43:19","guid":{"rendered":"https:\/\/www.europesays.com\/se\/137417\/"},"modified":"2026-01-15T18:43:19","modified_gmt":"2026-01-15T18:43:19","slug":"15-januari-12-56-kontroll-vaxjo-polisen-se","status":"publish","type":"post","link":"https:\/\/www.europesays.com\/se\/137417\/","title":{"rendered":"15 januari 12.56, Kontroll, V\u00e4xj\u00f6 &#8211; polisen.se"},"content":{"rendered":"<ol>\n<li><a href=\"https:\/\/news.google.com\/rss\/articles\/CBMijwFBVV95cUxOblBRMGpnMXFxRnhaQWgyUEVrelpkMkdHMTFMcGFUM19ORG1DMDZCNy14Q21xQVZRV0FQenBsZy1wdF9iMG1zY0d2Ukd2d1ZvODNuczhZMHR0aWI5UFJQZlpqeXJ4elIyOXZCM1VZZWd6UzlqOUdEV1BMSmJ0X0l3WXh0Zjl4VE5mYjR4V1prcw?oc=5\" target=\"_blank\" rel=\"nofollow noopener\">15 januari 12.56, Kontroll, V\u00e4xj\u00f6<\/a>&nbsp;&nbsp;polisen.se<\/li>\n<li><a href=\"https:\/\/news.google.com\/rss\/articles\/CBMilgFBVV95cUxOd2NrLXUydWxiVDVMUW5mNjFCd0djclRkdWgxNHdhaG1DRWY1YnBTMDBsQ3B0WEE5SEhMMGlYNDBNVC14MWdZNHRXLTJnZnpoWTBuMUdmZHczcUJCUW94WkNHbF84S0MxZ0c5R2N2SU5Uc2h6TlBUSG85S3N4N241TW9ZdklmdXh5dG9OVnpMZUNGTXBoU0E?oc=5\" target=\"_blank\" rel=\"nofollow noopener\">Nationella bombskyddet p\u00e5 plats i V\u00e4xj\u00f6 p\u00e5 grund av misst\u00e4nkt brev<\/a>&nbsp;&nbsp;SVT Nyheter<\/li>\n<li><a href=\"https:\/\/news.google.com\/rss\/articles\/CBMimgFBVV95cUxNWXM4XzRkdXhJbWZXWFlHd25LWHVJc1gteHFjbkxBSURYakZoWTRZb2I0RFkweGdsU1NMalh0c0UyZGNfc2xRODdHNnctdUhSRmR4c0E0QllfRUl1SzJSQmdRd25wMlA4QXo0RXRTWjJlMm9qSnlOcGNhNWwyWlFwVG1kRDgzNklBdVU4MDJzR3NHbk9oR2JJZEJ3?oc=5\" target=\"_blank\" rel=\"nofollow noopener\">Socialf\u00f6rvaltningen har mottagit misst\u00e4nkt pulverbrev<\/a>&nbsp;&nbsp;Aftonbladet<\/li>\n<li><a href=\"https:\/\/news.google.com\/rss\/articles\/CBMihwFBVV95cUxNdks1NUVwLURDM0hKVDhQVjRuU0x1eFNXNGs0TUlOUFpWdEZWTFNzeE81THFTY0hNV3VfbGxxNy1oSEhEN2R6MGRUQ2ZpV2xFNENxTTFVWHg4RkM1NFU5Rk44blZVdjBzMk5LMjlpTGZTbWdHdVhfci1COU5kVHhjcXpFQzlrRVE?oc=5\" target=\"_blank\" rel=\"nofollow noopener\">Efter brevlarmet \u2013 sex personer har f\u00e5tt v\u00e5rd<\/a>&nbsp;&nbsp;Sveriges Radio<\/li>\n<li><a href=\"https:\/\/news.google.com\/rss\/articles\/CBMimgFBVV95cUxPQV9sYVB3WHVxSW9zakZFSUQ3WUY3UTBiZXM2bjZEeGFpZldtUXR5elAxZEJaMUFxMTRfS1MwdS1zTlVHTmF6RjhTZzRwYmdKbzN4dzY2QVM3Nk95V1c0WERLY2FDQ3FEWmg4WTlHRzJCdm04QXhiZ1ZfYzVUdnJ5bFdFeGtZRjgtN1JVcDFmUXNRRDhBeWh6T05R?oc=5\" target=\"_blank\" rel=\"nofollow noopener\">Polisens bombgrupp p\u00e5 v\u00e4g till V\u00e4xj\u00f6 \u2013 sex personer f\u00f6rda till sjukhus<\/a>&nbsp;&nbsp;Sm\u00e5landsposten<\/li>\n<\/ol>\n","protected":false},"excerpt":{"rendered":"15 januari 12.56, Kontroll, V\u00e4xj\u00f6&nbsp;&nbsp;polisen.se Nationella bombskyddet p\u00e5 plats i V\u00e4xj\u00f6 p\u00e5 grund av misst\u00e4nkt brev&nbsp;&nbsp;SVT Nyheter Socialf\u00f6rvaltningen&hellip;\n","protected":false},"author":2,"featured_media":54,"comment_status":"","ping_status":"","sticky":false,"template":"","format":"standard","meta":{"footnotes":""},"categories":[5],"tags":[22,23,26,27,17,21,24,25,28,29,15,16,18,34,31,33,32,30,19,20],"class_list":{"0":"post-137417","1":"post","2":"type-post","3":"status-publish","4":"format-standard","5":"has-post-thumbnail","7":"category-rubriker","8":"tag-breaking-news","9":"tag-breakingnews","10":"tag-featured-news","11":"tag-featurednews","12":"tag-headlines","13":"tag-huvudnyheter","14":"tag-latest-news","15":"tag-latestnews","16":"tag-main-news","17":"tag-mainnews","18":"tag-news","19":"tag-nyheter","20":"tag-rubriker","21":"tag-se","22":"tag-svenska","23":"tag-sverige","24":"tag-sweden","25":"tag-swedish","26":"tag-top-stories","27":"tag-topstories"},"share_on_mastodon":{"url":"https:\/\/pubeurope.com\/@se\/115900593111553911","error":""},"_links":{"self":[{"href":"https:\/\/www.europesays.com\/se\/wp-json\/wp\/v2\/posts\/137417","targetHints":{"allow":["GET"]}}],"collection":[{"href":"https:\/\/www.europesays.com\/se\/wp-json\/wp\/v2\/posts"}],"about":[{"href":"https:\/\/www.europesays.com\/se\/wp-json\/wp\/v2\/types\/post"}],"author":[{"embeddable":true,"href":"https:\/\/www.europesays.com\/se\/wp-json\/wp\/v2\/users\/2"}],"replies":[{"embeddable":true,"href":"https:\/\/www.europesays.com\/se\/wp-json\/wp\/v2\/comments?post=137417"}],"version-history":[{"count":0,"href":"https:\/\/www.europesays.com\/se\/wp-json\/wp\/v2\/posts\/137417\/revisions"}],"wp:featuredmedia":[{"embeddable":true,"href":"https:\/\/www.europesays.com\/se\/wp-json\/wp\/v2\/media\/54"}],"wp:attachment":[{"href":"https:\/\/www.europesays.com\/se\/wp-json\/wp\/v2\/media?parent=137417"}],"wp:term":[{"taxonomy":"category","embeddable":true,"href":"https:\/\/www.europesays.com\/se\/wp-json\/wp\/v2\/categories?post=137417"},{"taxonomy":"post_tag","embeddable":true,"href":"https:\/\/www.europesays.com\/se\/wp-json\/wp\/v2\/tags?post=137417"}],"curies":[{"name":"wp","href":"https:\/\/api.w.org\/{rel}","templated":true}]}}