{"id":137420,"date":"2026-01-15T18:50:26","date_gmt":"2026-01-15T18:50:26","guid":{"rendered":"https:\/\/www.europesays.com\/se\/137420\/"},"modified":"2026-01-15T18:50:26","modified_gmt":"2026-01-15T18:50:26","slug":"valdtog-100-aring-kravde-ny-rattegang-sverige","status":"publish","type":"post","link":"https:\/\/www.europesays.com\/se\/137420\/","title":{"rendered":"V\u00e5ldtog 100-\u00e5ring \u2013\nkr\u00e4vde ny r\u00e4tteg\u00e5ng | Sverige"},"content":{"rendered":"<p>Publicerad 15 jan 2026 kl 17.47<\/p>\n<p>Hemtj\u00e4nstmannen Shakir Mahmoud Shakir slapp utvisning efter att ha v\u00e5ldtagit en 100-\u00e5rig kvinna.<\/p>\n<p>En n\u00e4mndeman sa i en intervju att han egentligen ville utvisa honom.<\/p>\n<p>D\u00e5 kr\u00e4vde Shakir att n\u00e4mndemannen skulle f\u00f6rklaras j\u00e4vig och r\u00e4tteg\u00e5ngen tas om i tingsr\u00e4tten.<\/p>\n<p>Men hovr\u00e4tten s\u00e4ger nej.<\/p>\n<p>Senaste nyhetsklippen fr\u00e5n Expressen.<img   alt=\"\"\/><\/p>\n<p>Shakir Mahmoud Shakir v\u00e5ldtog en 100-\u00e5rig kvinna.<\/p>\n<p>Foto: Polisen<\/p>\n<p>\u00d6ppna bild i helsk\u00e4rm<\/p>\n<p>I december d\u00f6mdes 38-\u00e5rige Shakir Mahmoud Shakir mot sitt nekande f\u00f6r att ha <a href=\"https:\/\/www.expressen.se\/nyheter\/krim\/shakir-mahmoud-shakir-valdtog-100-arig-kvinna\/\" rel=\"nofollow noopener\" target=\"_blank\">v\u00e5ldtagit en 100-\u00e5rig kvinna<\/a> i sitt jobb inom hemtj\u00e4nsten i <a href=\"https:\/\/www.expressen.se\/tagg\/location\/stockholm\/\" class=\"\" rel=\"nofollow noopener\" target=\"_blank\">Stockholm<\/a>.<\/p>\n<p>Kvinnan har ber\u00e4ttat att han gr\u00e4vde i hennes underliv med fingrarna och ett ok\u00e4nt f\u00f6rem\u00e5l i cirka tio minuter trots att hon skrek \u00e5t honom att sluta.<\/p>\n<p>\u00c5klagaren beg\u00e4rde att han skulle d\u00f6mas f\u00f6r grov v\u00e5ldt\u00e4kt d\u00e5 han utnyttjat sin st\u00e4llning vid hemtj\u00e4nsten och kvinnans skyddsl\u00f6shet. Men tingsr\u00e4tten d\u00f6mde honom f\u00f6r v\u00e5ldt\u00e4kt av normalgraden med motiveringen att det varit ett \u201dbegr\u00e4nsat h\u00e4ndelsef\u00f6rlopp\u201d som inte innefattat v\u00e5ld, hot eller f\u00f6rnedrande inslag.<\/p>\n<p>Artikeln i korthet<\/p>\n<p> Hemtj\u00e4nstmannen Shakir Mahmoud Shakir d\u00f6mdes till fyra \u00e5rs f\u00e4ngelse f\u00f6r v\u00e5ldt\u00e4kt p\u00e5 en 100-\u00e5rig kvinna. Han friades f\u00f6r v\u00e5ldt\u00e4kt p\u00e5 en annan \u00e4ldre kvinna. Shakir d\u00f6mdes till fyra \u00e5rs f\u00e4ngelse och slapp utvisning.<\/p>\n<p> Alla parter har \u00f6verklagat domen. Shakir Mahmoud Shakir ville att en n\u00e4mndeman skulle f\u00f6rklaras j\u00e4vig efter att ha uttalat sig i medier om att han egentligen ville utvisa Shakir.\u00a0<\/p>\n<p> Hovr\u00e4tten avsl\u00e5r j\u00e4vsinv\u00e4ndningen.<\/p>\n<p>Visa mer<\/p>\n<p>Shakir frik\u00e4ndes f\u00f6r v\u00e5ldt\u00e4kt p\u00e5 en annan \u00e4ldre kvinna. Tingsr\u00e4tten trodde p\u00e5 att hon blivit v\u00e5ldtagen men fann det inte bevisat att det var Shakir som var g\u00e4rningsman.<\/p>\n<p>Straffet blev fyra \u00e5rs f\u00e4ngelse.\u00a0<\/p>\n<p>Utvisades inte<\/p>\n<p>Shakir \u00e4r medborgare i Irak och har inga skyddssk\u00e4l men tingsr\u00e4tten avslog utvisningsyrkandet. R\u00e4tten ans\u00e5g att starka sk\u00e4l talade f\u00f6r utvisning men att hans anknytning till Sverige v\u00e4gde tyngre.<\/p>\n<p>N\u00e4r Expressen rapporterade om domen, <a href=\"https:\/\/www.expressen.se\/nyheter\/sverige\/de-ar-mannen-som-valdtar-i-aldrevarden\/\" rel=\"nofollow noopener\" target=\"_blank\">och om de totalt \u00e5tta f\u00e4llande domarna f\u00f6r sexbrott i \u00e4ldreomsorgen under 2025<\/a>, v\u00e4ckte det starka reaktioner.<\/p>\n<p>\u201d\u00c4r man inte svensk medborgare och utf\u00f6r s\u00e5dana h\u00e4r hemska handlingar har man f\u00f6rbrukat sin r\u00e4tt att vara i Sverige\u201d, skrev exempelvis statsminister Ulf Kristersson p\u00e5 X.<\/p>\n<p>Alla har \u00f6verklagat<\/p>\n<p>Domen har \u00f6verklagats av alla parter. \u00c5klagaren vill att Shakir ska d\u00f6mas f\u00f6r tv\u00e5 fall av grov v\u00e5ldt\u00e4kt i enlighet med \u00e5talet, att han ska f\u00e5 ett l\u00e4ngre straff och att han ska utvisas. Utvisningsyrkandet g\u00e4ller \u00e4ven om han d\u00f6ms f\u00f6r samma brott och till samma straff som i tingsr\u00e4tten.<\/p>\n<p>Den 100-\u00e5riga kvinnan yrkar att hovr\u00e4tten d\u00f6mer honom f\u00f6r grov v\u00e5ldt\u00e4kt, utvisar honom och f\u00f6rpliktigar honom att betala 320 000 kronor till henne i skadest\u00e5nd i st\u00e4llet f\u00f6r de 220\u00a0000 som tingsr\u00e4tten d\u00f6mde ut.\u00a0<\/p>\n<p>Den andra kvinnan yrkar att hovr\u00e4tten d\u00f6mer honom f\u00f6r grov v\u00e5ldt\u00e4kt mot henne, utvisar honom och bifaller hennes skadest\u00e5ndsyrkande p\u00e5 320\u00a0000 kronor.<\/p>\n<p>Kravet: Ny r\u00e4tteg\u00e5ng<\/p>\n<p>Shakir Mahmoud Shakir har i f\u00f6rsta hand beg\u00e4rt att hovr\u00e4tten ska \u00e5terf\u00f6rvisa m\u00e5let till tingsr\u00e4tten med motiveringen att n\u00e4mndemannen Pran Malhotra varit j\u00e4vig.<\/p>\n<p>Annons<\/p>\n<p>Bakgrunden \u00e4r Pran Malhotras uttalanden i den SD-n\u00e4ra nyhetskanalen <a href=\"https:\/\/riks.se\/nyheter\/s-namndemannen-som-inte-utvisade-valdtaktsmannen-shakir-jag-ville-egentligen\" rel=\"nofollow noopener\" target=\"_blank\">Riks<\/a> efter domen.<\/p>\n<p>\u2013 Jag vill egentligen att han ska utvisas, sa socialdemokraten Pran Malhotra, som dock inte avgav n\u00e5gon skiljaktig mening i domen.<\/p>\n<p>I intervjun sa han ocks\u00e5 \u201djag \u00e4r tr\u00f6tt p\u00e5 de h\u00e4r invandrarna\u201d, och att han hade t\u00e4nkt p\u00e5 om n\u00e5got liknande hade h\u00e4nt hans egen fru.\u00a0<\/p>\n<p>\u201dUttalandena kan inte tolkas p\u00e5 annat s\u00e4tt \u00e4n att Pran Malhotra \u00e4r p\u00e5verkad dels av fr\u00e4mlingsfientliga uppfattningar, dels av personliga erfarenheter. S\u00e5dana uttalanden \u00e4r \u00e4gnade att rubba f\u00f6rtroendet f\u00f6r s\u00e5v\u00e4l hans opartiskhet som hans oberoende\u201d, skriver Shakirs f\u00f6rsvarsadvokat Josefina Stahre i \u00f6verklagandet.<\/p>\n<p>Hovr\u00e4tten: Inte j\u00e4v<\/p>\n<p>I intervjun redogjorde n\u00e4mndemannen vidare f\u00f6r vad som ska ha diskuterats under \u00f6verl\u00e4ggningen bakom st\u00e4ngda d\u00f6rrar, vilket tas upp i \u00f6verklagandet.\u00a0<\/p>\n<p>Det agerandet ledde till att Pran Malhotra blev polisanm\u00e4ld och avst\u00e4ngd.<\/p>\n<p>\u201dStarka sk\u00e4l talar f\u00f6r att \u00e4ven den h\u00e4r r\u00e4tteg\u00e5ngen borde tas om\u201d, skrev <a href=\"https:\/\/www.aftonbladet.se\/nyheter\/kolumnister\/a\/8pmmpA\/namndemannen-har-sannolikt-brutit-mot-lagen\" rel=\"nofollow noopener\" target=\"_blank\">Aftonbladets<\/a> inrikespolitiska kommentator Ois\u00edn Cantwell i en kolumn f\u00f6re jul.\u00a0<\/p>\n<p>Svea hovr\u00e4tt har dock avslagit Shakir Mahmoud Shakirs j\u00e4vsinv\u00e4ndning.\u00a0<\/p>\n<p>Hovr\u00e4tten skriver i beslutet:<\/p>\n<p>\u201dIntervjun \u00e4gde rum efter det att tingsr\u00e4tten meddelat dom i m\u00e5let. Det har inte kommit fram n\u00e5got som talar f\u00f6r att n\u00e4mndemannen haft en f\u00f6rutfattad mening n\u00e4r han deltog i avg\u00f6randet. Vad han d\u00e4refter sagt inneb\u00e4r enligt hovr\u00e4tten inte en s\u00e5dan s\u00e4rskild omst\u00e4ndighet som \u00e4r \u00e4gnad att rubba f\u00f6rtroendet f\u00f6r hans opartiskhet eller oberoende.\u201d\u00a0<\/p>\n<p>I andra hand yrkar Shakir att hovr\u00e4tten ska frik\u00e4nna honom.<\/p>\n<p>Datum f\u00f6r huvudf\u00f6rhandlingen i hovr\u00e4tten \u00e4r inte best\u00e4mt.<\/p>\n","protected":false},"excerpt":{"rendered":"Publicerad 15 jan 2026 kl 17.47 Hemtj\u00e4nstmannen Shakir Mahmoud Shakir slapp utvisning efter att ha v\u00e5ldtagit en 100-\u00e5rig&hellip;\n","protected":false},"author":2,"featured_media":137421,"comment_status":"","ping_status":"","sticky":false,"template":"","format":"standard","meta":{"footnotes":""},"categories":[12],"tags":[22,23,26,27,17,21,24,25,135,28,29,15,16,18,34,154,31,33,32,30,19,1242,20],"class_list":{"0":"post-137420","1":"post","2":"type-post","3":"status-publish","4":"format-standard","5":"has-post-thumbnail","7":"category-sverige","8":"tag-breaking-news","9":"tag-breakingnews","10":"tag-featured-news","11":"tag-featurednews","12":"tag-headlines","13":"tag-huvudnyheter","14":"tag-latest-news","15":"tag-latestnews","16":"tag-location-stockholm","17":"tag-main-news","18":"tag-mainnews","19":"tag-news","20":"tag-nyheter","21":"tag-rubriker","22":"tag-se","23":"tag-sections-sverige","24":"tag-svenska","25":"tag-sverige","26":"tag-sweden","27":"tag-swedish","28":"tag-top-stories","29":"tag-topic-sexualbrott","30":"tag-topstories"},"share_on_mastodon":{"url":"https:\/\/pubeurope.com\/@se\/115900620819126348","error":""},"_links":{"self":[{"href":"https:\/\/www.europesays.com\/se\/wp-json\/wp\/v2\/posts\/137420","targetHints":{"allow":["GET"]}}],"collection":[{"href":"https:\/\/www.europesays.com\/se\/wp-json\/wp\/v2\/posts"}],"about":[{"href":"https:\/\/www.europesays.com\/se\/wp-json\/wp\/v2\/types\/post"}],"author":[{"embeddable":true,"href":"https:\/\/www.europesays.com\/se\/wp-json\/wp\/v2\/users\/2"}],"replies":[{"embeddable":true,"href":"https:\/\/www.europesays.com\/se\/wp-json\/wp\/v2\/comments?post=137420"}],"version-history":[{"count":0,"href":"https:\/\/www.europesays.com\/se\/wp-json\/wp\/v2\/posts\/137420\/revisions"}],"wp:featuredmedia":[{"embeddable":true,"href":"https:\/\/www.europesays.com\/se\/wp-json\/wp\/v2\/media\/137421"}],"wp:attachment":[{"href":"https:\/\/www.europesays.com\/se\/wp-json\/wp\/v2\/media?parent=137420"}],"wp:term":[{"taxonomy":"category","embeddable":true,"href":"https:\/\/www.europesays.com\/se\/wp-json\/wp\/v2\/categories?post=137420"},{"taxonomy":"post_tag","embeddable":true,"href":"https:\/\/www.europesays.com\/se\/wp-json\/wp\/v2\/tags?post=137420"}],"curies":[{"name":"wp","href":"https:\/\/api.w.org\/{rel}","templated":true}]}}