{"id":137438,"date":"2026-01-15T19:07:20","date_gmt":"2026-01-15T19:07:20","guid":{"rendered":"https:\/\/www.europesays.com\/se\/137438\/"},"modified":"2026-01-15T19:07:20","modified_gmt":"2026-01-15T19:07:20","slug":"ericsson-skar-ner-igen-helt-omsprungna-av-kina","status":"publish","type":"post","link":"https:\/\/www.europesays.com\/se\/137438\/","title":{"rendered":"Ericsson sk\u00e4r ner igen: &#8221;Helt omsprungna av Kina&#8221;"},"content":{"rendered":"<p>Inte f\u00f6ljt med i utvecklingen<\/p>\n<p class=\"font-sans text-base text-text-main dark:text-text-main-dark font-normal leading-[1.4]\">&#8221;En mer korrekt f\u00f6rklaring \u00e4r att Ericsson under l\u00e5ng tid har misslyckats med att f\u00f6lja med i teknikutvecklingen&#8221;, skriver han. <\/p>\n<p class=\"font-sans text-base text-text-main dark:text-text-main-dark font-normal leading-[1.4]\">B\u00e5de operat\u00f6rer och konsumenter v\u00e4ljer idag andra sorters n\u00e4tverk \u00e4n de som Ericsson satsat mest p\u00e5. <\/p>\n<p class=\"font-sans text-base text-text-main dark:text-text-main-dark font-normal leading-[1.4]\">&#8221;En annan f\u00f6rklaring \u00e4r att Ericsson p\u00e5 marknad efter marknad \u00e4r helt omsprunget av kinesiska konkurrenter som <strong>Huawei<\/strong>&#8221;, menar Benson.<\/p>\n","protected":false},"excerpt":{"rendered":"Inte f\u00f6ljt med i utvecklingen &#8221;En mer korrekt f\u00f6rklaring \u00e4r att Ericsson under l\u00e5ng tid har misslyckats med&hellip;\n","protected":false},"author":2,"featured_media":137439,"comment_status":"","ping_status":"","sticky":false,"template":"","format":"standard","meta":{"footnotes":""},"categories":[5],"tags":[22,23,3908,6433,6434,26,27,17,21,24,25,28,29,15,16,18,34,31,33,32,30,19,20],"class_list":{"0":"post-137438","1":"post","2":"type-post","3":"status-publish","4":"format-standard","5":"has-post-thumbnail","7":"category-rubriker","8":"tag-breaking-news","9":"tag-breakingnews","10":"tag-ericsson","11":"tag-ericsson-a","12":"tag-ericsson-b","13":"tag-featured-news","14":"tag-featurednews","15":"tag-headlines","16":"tag-huvudnyheter","17":"tag-latest-news","18":"tag-latestnews","19":"tag-main-news","20":"tag-mainnews","21":"tag-news","22":"tag-nyheter","23":"tag-rubriker","24":"tag-se","25":"tag-svenska","26":"tag-sverige","27":"tag-sweden","28":"tag-swedish","29":"tag-top-stories","30":"tag-topstories"},"share_on_mastodon":{"url":"https:\/\/pubeurope.com\/@se\/115900687580031598","error":""},"_links":{"self":[{"href":"https:\/\/www.europesays.com\/se\/wp-json\/wp\/v2\/posts\/137438","targetHints":{"allow":["GET"]}}],"collection":[{"href":"https:\/\/www.europesays.com\/se\/wp-json\/wp\/v2\/posts"}],"about":[{"href":"https:\/\/www.europesays.com\/se\/wp-json\/wp\/v2\/types\/post"}],"author":[{"embeddable":true,"href":"https:\/\/www.europesays.com\/se\/wp-json\/wp\/v2\/users\/2"}],"replies":[{"embeddable":true,"href":"https:\/\/www.europesays.com\/se\/wp-json\/wp\/v2\/comments?post=137438"}],"version-history":[{"count":0,"href":"https:\/\/www.europesays.com\/se\/wp-json\/wp\/v2\/posts\/137438\/revisions"}],"wp:featuredmedia":[{"embeddable":true,"href":"https:\/\/www.europesays.com\/se\/wp-json\/wp\/v2\/media\/137439"}],"wp:attachment":[{"href":"https:\/\/www.europesays.com\/se\/wp-json\/wp\/v2\/media?parent=137438"}],"wp:term":[{"taxonomy":"category","embeddable":true,"href":"https:\/\/www.europesays.com\/se\/wp-json\/wp\/v2\/categories?post=137438"},{"taxonomy":"post_tag","embeddable":true,"href":"https:\/\/www.europesays.com\/se\/wp-json\/wp\/v2\/tags?post=137438"}],"curies":[{"name":"wp","href":"https:\/\/api.w.org\/{rel}","templated":true}]}}