{"id":137444,"date":"2026-01-15T19:14:29","date_gmt":"2026-01-15T19:14:29","guid":{"rendered":"https:\/\/www.europesays.com\/se\/137444\/"},"modified":"2026-01-15T19:14:29","modified_gmt":"2026-01-15T19:14:29","slug":"lat-domda-skotta-sno-i-stockholm","status":"publish","type":"post","link":"https:\/\/www.europesays.com\/se\/137444\/","title":{"rendered":"L\u00e5t d\u00f6mda skotta sn\u00f6 i Stockholm"},"content":{"rendered":"<p>Personer som d\u00f6mts till samh\u00e4llstj\u00e4nst borde sn\u00f6r\u00f6ja i Stockholm, f\u00f6resl\u00e5r oppositionsborgarr\u00e5det Dennis Wedin (M) enligt SvD. <\/p>\n<p>Han ser det som gratis arbetskraft och s\u00e4ger att det \u00e4r \u201dbra att d\u00f6mda f\u00e5r g\u00f6ra r\u00e4tt f\u00f6r sig\u201d. <\/p>\n<p>Kriminalv\u00e5rden tycker att f\u00f6rslaget \u00e4r intressant, men sektionschef Sara Richert ser ocks\u00e5 hinder. <\/p>\n<p>\u201dAtt planera f\u00f6r sn\u00f6skottning i Stockholm och de mer s\u00f6dra delarna av landet \u00e4r f\u00f6renat med vissa sv\u00e5righeter d\u00e5 det p\u00e5 f\u00f6rhand \u00e4r knepigt att ber\u00e4kna n\u00e4r behov av sn\u00f6skottning kommer att intr\u00e4ffa och hur schemat ska l\u00e4ggas\u201d, skriver hon till tidningen. <\/p>\n<p>Omni \u00e4r politiskt obundna och oberoende. Vi str\u00e4var efter att ge fler perspektiv p\u00e5 nyheterna. Har du fr\u00e5gor eller synpunkter kring v\u00e5r rapportering? <a href=\"https:\/\/omni.se\/m-forslag-lat-domda-skotta-sno-i-stockholm\/a\/mailto:redaktion@omni.se\" class=\"ArticleActions_contactLink__W2F1M\" rel=\"nofollow noopener\" target=\"_blank\">Kontakta redaktionen<\/a><\/p>\n","protected":false},"excerpt":{"rendered":"Personer som d\u00f6mts till samh\u00e4llstj\u00e4nst borde sn\u00f6r\u00f6ja i Stockholm, f\u00f6resl\u00e5r oppositionsborgarr\u00e5det Dennis Wedin (M) enligt SvD. Han ser&hellip;\n","protected":false},"author":2,"featured_media":137445,"comment_status":"","ping_status":"","sticky":false,"template":"","format":"standard","meta":{"footnotes":""},"categories":[12],"tags":[22,23,11738,26,27,17,21,1558,24,25,28,29,551,15,16,18,34,31,33,32,30,19,20,693],"class_list":{"0":"post-137444","1":"post","2":"type-post","3":"status-publish","4":"format-standard","5":"has-post-thumbnail","7":"category-sverige","8":"tag-breaking-news","9":"tag-breakingnews","10":"tag-dennis-wedin","11":"tag-featured-news","12":"tag-featurednews","13":"tag-headlines","14":"tag-huvudnyheter","15":"tag-kriminalpolitik","16":"tag-latest-news","17":"tag-latestnews","18":"tag-main-news","19":"tag-mainnews","20":"tag-moderaterna","21":"tag-news","22":"tag-nyheter","23":"tag-rubriker","24":"tag-se","25":"tag-svenska","26":"tag-sverige","27":"tag-sweden","28":"tag-swedish","29":"tag-top-stories","30":"tag-topstories","31":"tag-vader"},"share_on_mastodon":{"url":"https:\/\/pubeurope.com\/@se\/115900715183474537","error":""},"_links":{"self":[{"href":"https:\/\/www.europesays.com\/se\/wp-json\/wp\/v2\/posts\/137444","targetHints":{"allow":["GET"]}}],"collection":[{"href":"https:\/\/www.europesays.com\/se\/wp-json\/wp\/v2\/posts"}],"about":[{"href":"https:\/\/www.europesays.com\/se\/wp-json\/wp\/v2\/types\/post"}],"author":[{"embeddable":true,"href":"https:\/\/www.europesays.com\/se\/wp-json\/wp\/v2\/users\/2"}],"replies":[{"embeddable":true,"href":"https:\/\/www.europesays.com\/se\/wp-json\/wp\/v2\/comments?post=137444"}],"version-history":[{"count":0,"href":"https:\/\/www.europesays.com\/se\/wp-json\/wp\/v2\/posts\/137444\/revisions"}],"wp:featuredmedia":[{"embeddable":true,"href":"https:\/\/www.europesays.com\/se\/wp-json\/wp\/v2\/media\/137445"}],"wp:attachment":[{"href":"https:\/\/www.europesays.com\/se\/wp-json\/wp\/v2\/media?parent=137444"}],"wp:term":[{"taxonomy":"category","embeddable":true,"href":"https:\/\/www.europesays.com\/se\/wp-json\/wp\/v2\/categories?post=137444"},{"taxonomy":"post_tag","embeddable":true,"href":"https:\/\/www.europesays.com\/se\/wp-json\/wp\/v2\/tags?post=137444"}],"curies":[{"name":"wp","href":"https:\/\/api.w.org\/{rel}","templated":true}]}}