{"id":137457,"date":"2026-01-15T19:29:08","date_gmt":"2026-01-15T19:29:08","guid":{"rendered":"https:\/\/www.europesays.com\/se\/137457\/"},"modified":"2026-01-15T19:29:08","modified_gmt":"2026-01-15T19:29:08","slug":"apple-behover-en-revansch-och-en-ny-vd","status":"publish","type":"post","link":"https:\/\/www.europesays.com\/se\/137457\/","title":{"rendered":"Apple beh\u00f6ver en revansch \u2013\u00a0och en ny vd"},"content":{"rendered":"<p>Det ser ut som ett slags runt rymdskepp fr\u00e5n ovan. Med en damm, flera parker och l\u00e5necyklar inuti \u00e4r Apple Park, kontoret som invigdes 2017, ett lyxigt arkitektoniskt spektakel.<\/p>\n<p>Runt hela byggnaden \u2013 i korridoren \u2013\u00a0st\u00e5r en massa av Eero Saarinens designklassiker Womb Chair, om man vill vila benen. Pris: runt 65\u00a0000 kronor styck. Det sn\u00e5lades ingenstans vid nybygget, f\u00f6rutom p\u00e5 ljudisoleringen i m\u00f6tesrummen som ibland gjorde att man h\u00f6rde vad grannarna pratade om.<\/p>\n","protected":false},"excerpt":{"rendered":"Det ser ut som ett slags runt rymdskepp fr\u00e5n ovan. Med en damm, flera parker och l\u00e5necyklar inuti&hellip;\n","protected":false},"author":2,"featured_media":137458,"comment_status":"","ping_status":"","sticky":false,"template":"","format":"standard","meta":{"footnotes":""},"categories":[65],"tags":[72,70,71,34,31,33,32,30],"class_list":{"0":"post-137457","1":"post","2":"type-post","3":"status-publish","4":"format-standard","5":"has-post-thumbnail","7":"category-ekonomi","8":"tag-business","9":"tag-economy","10":"tag-ekonomi","11":"tag-se","12":"tag-svenska","13":"tag-sverige","14":"tag-sweden","15":"tag-swedish"},"share_on_mastodon":{"url":"https:\/\/pubeurope.com\/@se\/115900773967857425","error":""},"_links":{"self":[{"href":"https:\/\/www.europesays.com\/se\/wp-json\/wp\/v2\/posts\/137457","targetHints":{"allow":["GET"]}}],"collection":[{"href":"https:\/\/www.europesays.com\/se\/wp-json\/wp\/v2\/posts"}],"about":[{"href":"https:\/\/www.europesays.com\/se\/wp-json\/wp\/v2\/types\/post"}],"author":[{"embeddable":true,"href":"https:\/\/www.europesays.com\/se\/wp-json\/wp\/v2\/users\/2"}],"replies":[{"embeddable":true,"href":"https:\/\/www.europesays.com\/se\/wp-json\/wp\/v2\/comments?post=137457"}],"version-history":[{"count":0,"href":"https:\/\/www.europesays.com\/se\/wp-json\/wp\/v2\/posts\/137457\/revisions"}],"wp:featuredmedia":[{"embeddable":true,"href":"https:\/\/www.europesays.com\/se\/wp-json\/wp\/v2\/media\/137458"}],"wp:attachment":[{"href":"https:\/\/www.europesays.com\/se\/wp-json\/wp\/v2\/media?parent=137457"}],"wp:term":[{"taxonomy":"category","embeddable":true,"href":"https:\/\/www.europesays.com\/se\/wp-json\/wp\/v2\/categories?post=137457"},{"taxonomy":"post_tag","embeddable":true,"href":"https:\/\/www.europesays.com\/se\/wp-json\/wp\/v2\/tags?post=137457"}],"curies":[{"name":"wp","href":"https:\/\/api.w.org\/{rel}","templated":true}]}}