{"id":137460,"date":"2026-01-15T19:33:07","date_gmt":"2026-01-15T19:33:07","guid":{"rendered":"https:\/\/www.europesays.com\/se\/137460\/"},"modified":"2026-01-15T19:33:07","modified_gmt":"2026-01-15T19:33:07","slug":"langa-koer-till-demensdiagnos-socialstyrelsen-slar-larm","status":"publish","type":"post","link":"https:\/\/www.europesays.com\/se\/137460\/","title":{"rendered":"L\u00e5nga k\u00f6er till demensdiagnos \u2013 Socialstyrelsen sl\u00e5r larm"},"content":{"rendered":"<p>V\u00e4ntan p\u00e5 en demensdiagnos \u00e4r fortsatt l\u00e5ng i stora delar av landet \u2013 och skillnaderna mellan regionerna \u00e4r betydande. Det visar en <a href=\"https:\/\/www.socialstyrelsen.se\/om-socialstyrelsen\/pressrum\/press\/lang-vantan-pa-demensdiagnoser----men-stor-skillnad-mellan-regioner\/\" rel=\"nofollow noopener\" target=\"_blank\">nationell utv\u00e4rdering<\/a> fr\u00e5n Socialstyrelsen, som sl\u00e5r fast att utvecklingen g\u00e5r l\u00e5ngsamt och p\u00e5 vissa omr\u00e5den till och med bak\u00e5t.<\/p>\n<p><strong>MISSA INTE: <\/strong><a href=\"https:\/\/www.news55.se\/halsa\/darfor-mar-vi-samre-av-alkohol-ju-aldre-vi-blir\/\" rel=\"nofollow noopener\" target=\"_blank\">D\u00e4rf\u00f6r m\u00e5r vi s\u00e4mre av alkohol ju \u00e4ldre vi blir. News55<\/a><\/p>\n<p>I dag lever omkring 150 000 personer i Sverige med en demenssjukdom. Trots att tidig diagnos \u00e4r avg\u00f6rande f\u00f6r behandling, planering och st\u00f6d f\u00e5r mindre \u00e4n h\u00e4lften av patienterna i prim\u00e4rv\u00e5rden en diagnos inom v\u00e5rdgarantins 90 dagar. Inom specialistv\u00e5rden \u00e4r siffran \u00e4nnu l\u00e4gre \u2013 endast tre av tio.<\/p>\n<p>Finns ljuspunkter<\/p>\n<p>\u201dDet \u00e4r oroande att m\u00e4nniskor tvingas leva i ovisshet under s\u00e5 l\u00e5ng tid. N\u00e4r m\u00e4nniskor f\u00e5r v\u00e4nta i m\u00e5nader p\u00e5verkar det hela livet \u2013 relationer, trygghet och m\u00f6jligheten att planera\u201d, s\u00e4ger <strong>Bj\u00f6rn Eriksson<\/strong>, generaldirekt\u00f6r p\u00e5 Socialstyrelsen.<\/p>\n<p>Samtidigt finns vissa ljuspunkter. Andelen patienter som f\u00e5r en fullst\u00e4ndig demensutredning i prim\u00e4rv\u00e5rden har \u00f6kat kraftigt och ligger nu p\u00e5 88 procent, en tydlig f\u00f6rb\u00e4ttring j\u00e4mf\u00f6rt med 2018, enligt Socialstyrelsen. <\/p>\n","protected":false},"excerpt":{"rendered":"V\u00e4ntan p\u00e5 en demensdiagnos \u00e4r fortsatt l\u00e5ng i stora delar av landet \u2013 och skillnaderna mellan regionerna \u00e4r&hellip;\n","protected":false},"author":2,"featured_media":137461,"comment_status":"","ping_status":"","sticky":false,"template":"","format":"standard","meta":{"footnotes":""},"categories":[69],"tags":[721,113,112,5075,34,6723,2109,31,33,32,30,13813,13814],"class_list":{"0":"post-137460","1":"post","2":"type-post","3":"status-publish","4":"format-standard","5":"has-post-thumbnail","7":"category-halsa","8":"tag-demens","9":"tag-halsa","10":"tag-health","11":"tag-regioner","12":"tag-se","13":"tag-sjukdom","14":"tag-socialstyrelsen","15":"tag-svenska","16":"tag-sverige","17":"tag-sweden","18":"tag-swedish","19":"tag-vantetid","20":"tag-vantetider"},"share_on_mastodon":{"url":"https:\/\/pubeurope.com\/@se\/115900789865654443","error":""},"_links":{"self":[{"href":"https:\/\/www.europesays.com\/se\/wp-json\/wp\/v2\/posts\/137460","targetHints":{"allow":["GET"]}}],"collection":[{"href":"https:\/\/www.europesays.com\/se\/wp-json\/wp\/v2\/posts"}],"about":[{"href":"https:\/\/www.europesays.com\/se\/wp-json\/wp\/v2\/types\/post"}],"author":[{"embeddable":true,"href":"https:\/\/www.europesays.com\/se\/wp-json\/wp\/v2\/users\/2"}],"replies":[{"embeddable":true,"href":"https:\/\/www.europesays.com\/se\/wp-json\/wp\/v2\/comments?post=137460"}],"version-history":[{"count":0,"href":"https:\/\/www.europesays.com\/se\/wp-json\/wp\/v2\/posts\/137460\/revisions"}],"wp:featuredmedia":[{"embeddable":true,"href":"https:\/\/www.europesays.com\/se\/wp-json\/wp\/v2\/media\/137461"}],"wp:attachment":[{"href":"https:\/\/www.europesays.com\/se\/wp-json\/wp\/v2\/media?parent=137460"}],"wp:term":[{"taxonomy":"category","embeddable":true,"href":"https:\/\/www.europesays.com\/se\/wp-json\/wp\/v2\/categories?post=137460"},{"taxonomy":"post_tag","embeddable":true,"href":"https:\/\/www.europesays.com\/se\/wp-json\/wp\/v2\/tags?post=137460"}],"curies":[{"name":"wp","href":"https:\/\/api.w.org\/{rel}","templated":true}]}}